{"id":93805,"date":"2018-03-14T12:40:14","date_gmt":"2018-03-14T15:40:14","guid":{"rendered":"http:\/\/diarioregionaljf.com.br\/2018\/03\/14\/edital-oferece-54-vagas-para-a-moradia-estudantil-da-ufjf\/"},"modified":"2018-03-14T12:40:14","modified_gmt":"2018-03-14T15:40:14","slug":"edital-oferece-54-vagas-para-a-moradia-estudantil-da-ufjf","status":"publish","type":"post","link":"https:\/\/diarioregionaldigital.com.br\/?p=93805","title":{"rendered":"Edital oferece 54 vagas para a Moradia Estudantil da UFJF"},"content":{"rendered":"<p>A <a href=\"http:\/\/www.ufjf.br\/proae\/\" target=\"_blank\" rel=\"noopener noreferrer\">Pr\u00f3-Reitoria de Assist\u00eancia Estudantil da Universidade Federal de Juiz de Fora (Proae\/UFJF)<\/a> divulgou o <a href=\"http:\/\/www.ufjf.br\/proae\/files\/2017\/06\/Edital-moradia-2018-editado.pdf\" target=\"_blank\" rel=\"noopener noreferrer\">Edital n\u00ba 01\/2018<\/a>, voltado para sele\u00e7\u00e3o de 54 estudantes, regularmente matriculados nos cursos de gradua\u00e7\u00e3o, na modalidade presencial, para preenchimento das vagas abertas na Moradia Estudantil, no campus Juiz de Fora.<\/p>\n<p>Ser\u00e3o disponibilizadas 32 vagas para o p\u00fablico feminino e 22 para o p\u00fablico masculino, distribu\u00eddas nos dois edif\u00edcios da moradia. As vagas s\u00e3o destinadas a candidatos cujo grupo familiar n\u00e3o resida em Juiz de Fora, visando proporcionar aos alunos que estejam em situa\u00e7\u00e3o de vulnerabilidade socioecon\u00f4mica melhores condi\u00e7\u00f5es de perman\u00eancia na Universidade, por meio do acesso \u00e0 moradia estudantil.<\/p>\n<p>&nbsp;<\/p>\n<h4>COMO SE INSCREVER<\/h4>\n<p>Os estudantes interessados em concorrer \u00e0s vagas abertas t\u00eam at\u00e9 as 17h do dia 23 de mar\u00e7o (sexta-feira) para se inscrever. O processo ser\u00e1 feito exclusivamente via Sistema Integrado de Gest\u00e3o Acad\u00eamica (Siga). Os usu\u00e1rios devem acessar a plataforma e clicar no \u00edcone \u201cApoio Estudantil\u201d; em seguida, escolher a op\u00e7\u00e3o \u201cInscri\u00e7\u00e3o Moradia Estudantil\u201d; ler as informa\u00e7\u00f5es com aten\u00e7\u00e3o, e clicar no campo \u201cli e concordo\u201d.<\/p>\n<p>Os alunos que j\u00e1 possu\u00edrem avalia\u00e7\u00e3o socioecon\u00f4mica do sistema de fluxo cont\u00ednuo conclu\u00edda e no prazo de validade n\u00e3o precisar\u00e3o apresentar nova documenta\u00e7\u00e3o, devendo apenas realizar a inscri\u00e7\u00e3o, no Siga, pelo \u00edcone \u201cMoradia Estudantil\u201d.<\/p>\n<p>J\u00e1 aqueles que n\u00e3o passaram por avalia\u00e7\u00e3o socioecon\u00f4mica ou ainda n\u00e3o foram reavaliados no sistema de fluxo cont\u00ednuo dever\u00e3o seguir os procedimentos descritos na <a href=\"http:\/\/www.ufjf.br\/proae\/files\/2016\/04\/PORTARIA-PROAE-N%C2%BA-01-2018.pdf\" target=\"_blank\" rel=\"noopener noreferrer\">Portaria n\u00ba 01\/2018 dispon\u00edvel no site da Proae<\/a>.<\/p>\n<p>&nbsp;<\/p>\n<h4>QUEM PODE CONCORRER?<\/h4>\n<p>Podem se inscrever alunos que estejam regularmente matriculados em curso de gradua\u00e7\u00e3o presencial, no campus-sede; tamb\u00e9m \u00e9 preciso possuir renda familiar bruta mensal de at\u00e9 1,5 sal\u00e1rio m\u00ednimo per capita; al\u00e9m de ter grupo familiar de origem residente em munic\u00edpio diferente do Campus de Juiz de Fora; e n\u00e3o ter conclu\u00eddo outra gradua\u00e7\u00e3o.<\/p>\n<p>&nbsp;<\/p>\n<h4>FIQUE LIGADO<\/h4>\n<p>Os alunos que n\u00e3o estiverem visualizando o \u00edcone do Apoio Estudantil no Siga dever\u00e3o solicitar a inclus\u00e3o deste por meio do email proae@ufjf.edu.br, respeitando os prazos contidos no edital.<\/p>\n<p>O resultado da avalia\u00e7\u00e3o socioecon\u00f4mica e os prazos para entrega de documenta\u00e7\u00e3o pendente e\/ou complementar dever\u00e3o ser acompanhados pelo Siga, no \u00edcone \u201cresultado\u201d. Caso os prazos de entrega de documenta\u00e7\u00e3o n\u00e3o sejam cumpridos, o estudante ser\u00e1 desclassificado.<\/p>\n<p>O selecionado para ocupar a vaga na Moradia Estudantil tamb\u00e9m ter\u00e1 direito ao aux\u00edlio alimenta\u00e7\u00e3o. J\u00e1 aquele que ocupar a vaga e estiver recebendo aux\u00edlio moradia e\/ou aux\u00edlio transporte ter\u00e1 os aux\u00edlios cancelados imediatamente.<\/p>\n<p>&nbsp;<\/p>\n<h4>CRIT\u00c9RIOS<\/h4>\n<p>A sele\u00e7\u00e3o ser\u00e1 baseada na classifica\u00e7\u00e3o socioecon\u00f4mica do grupo familiar dos inscritos no edital, conforme avalia\u00e7\u00e3o socioecon\u00f4mica realizada pela Proae. A classifica\u00e7\u00e3o para o acesso \u00e0 moradia estudantil ser\u00e1 definida pela ordem dos seguintes crit\u00e9rios:<\/p>\n<p>&#8211; Perfil socioecon\u00f4mico do grupo familiar;<\/p>\n<p>&#8211; Renda per capita menor;<\/p>\n<p>&#8211; Maior dist\u00e2ncia da resid\u00eancia do grupo familiar em rela\u00e7\u00e3o \u00e0 Juiz de Fora.<\/p>\n<p>Os crit\u00e9rios de desempate obedecer\u00e3o \u00e0s situa\u00e7\u00f5es estabelecidas no Regulamento Geral da Moradia Estudantil.<\/p>\n<p>&nbsp;<\/p>\n<h4>RESULTADOS<\/h4>\n<p>O resultado parcial para ocupar as vagas da ser\u00e1 divulgado no dia 16 de abril (segunda), na p\u00e1gina da Pr\u00f3-reitoria; j\u00e1 o resultado final ser\u00e1 divulgado no dia 26 de abril (quinta), tamb\u00e9m no site da Proae.<\/p>\n<p>Os recursos dever\u00e3o ser impetrados em formul\u00e1rio pr\u00f3prio, <a href=\"http:\/\/www.ufjf.br\/proae\/files\/2017\/05\/Formul%C3%A1rio-de-Recurso.pdf\" target=\"_blank\" rel=\"noopener noreferrer\">disponibilizado online<\/a>, e entregues na sede da Proae durante o hor\u00e1rio de funcionamento. O prazo para interposi\u00e7\u00e3o de recurso ser\u00e1 entre os dias 20 (sexta) e 23 (segunda) de abril. O resultado final do recurso ser\u00e1 divulgado no dia 26 de abril, na p\u00e1gina da Pr\u00f3-reitoria.<\/p>\n<p>&nbsp;<\/p>\n<h4>REUNI\u00c3O DE OCUPA\u00c7\u00c3O DAS VAGAS<\/h4>\n<p>A reuni\u00e3o para ocupa\u00e7\u00e3o das vagas &#8211; ainda a ser agendada &#8211; possui car\u00e1ter eliminat\u00f3rio e a n\u00e3o participa\u00e7\u00e3o implicar\u00e1 na desclassifica\u00e7\u00e3o do aluno selecionado. Ser\u00e3o convocados para a reuni\u00e3o os 54 primeiros classificados e a distribui\u00e7\u00e3o dos aprovados nas vagas da moradia estudantil, nas respectivas resid\u00eancias, ser\u00e1 feita por sorteio, que ir\u00e1 indicar a resid\u00eancia e o quarto que o estudante ir\u00e1 ocupar.<\/p>\n<p>O sorteio ser\u00e1 realizado pela Coordena\u00e7\u00e3o de Moradia Estudantil. Aquele que n\u00e3o ocupar a vaga para a qual foi sorteado, conforme estabelecido no Regimento da Moradia Estudantil, perder\u00e1 o direito \u00e0 mesma. Ap\u00f3s o sorteio os contemplados dever\u00e3o assinar o Termo de Ocupa\u00e7\u00e3o, quando receber\u00e3o as chaves se seus quartos.<\/p>\n<p>&nbsp;<\/p>\n<p>Fonte: Assessoria<\/p>\n","protected":false},"excerpt":{"rendered":"<p>A Pr\u00f3-Reitoria de Assist\u00eancia Estudantil da Universidade Federal de Juiz de Fora (Proae\/UFJF) divulgou o Edital n\u00ba 01\/2018, voltado para sele\u00e7\u00e3o de 54 estudantes, regularmente matriculados nos cursos de gradua\u00e7\u00e3o, na modalidade presencial, para preenchimento das vagas abertas na Moradia Estudantil, no campus Juiz de Fora. Ser\u00e3o disponibilizadas 32 vagas para o p\u00fablico feminino e [&hellip;]<\/p>\n","protected":false},"author":96,"featured_media":93804,"comment_status":"closed","ping_status":"closed","sticky":false,"template":"","format":"standard","meta":{"footnotes":""},"categories":[253],"tags":[],"class_list":["post-93805","post","type-post","status-publish","format-standard","has-post-thumbnail","hentry","category-cidade"],"_links":{"self":[{"href":"https:\/\/diarioregionaldigital.com.br\/index.php?rest_route=\/wp\/v2\/posts\/93805","targetHints":{"allow":["GET"]}}],"collection":[{"href":"https:\/\/diarioregionaldigital.com.br\/index.php?rest_route=\/wp\/v2\/posts"}],"about":[{"href":"https:\/\/diarioregionaldigital.com.br\/index.php?rest_route=\/wp\/v2\/types\/post"}],"author":[{"embeddable":true,"href":"https:\/\/diarioregionaldigital.com.br\/index.php?rest_route=\/wp\/v2\/users\/96"}],"replies":[{"embeddable":true,"href":"https:\/\/diarioregionaldigital.com.br\/index.php?rest_route=%2Fwp%2Fv2%2Fcomments&post=93805"}],"version-history":[{"count":0,"href":"https:\/\/diarioregionaldigital.com.br\/index.php?rest_route=\/wp\/v2\/posts\/93805\/revisions"}],"wp:featuredmedia":[{"embeddable":true,"href":"https:\/\/diarioregionaldigital.com.br\/index.php?rest_route=\/wp\/v2\/media\/93804"}],"wp:attachment":[{"href":"https:\/\/diarioregionaldigital.com.br\/index.php?rest_route=%2Fwp%2Fv2%2Fmedia&parent=93805"}],"wp:term":[{"taxonomy":"category","embeddable":true,"href":"https:\/\/diarioregionaldigital.com.br\/index.php?rest_route=%2Fwp%2Fv2%2Fcategories&post=93805"},{"taxonomy":"post_tag","embeddable":true,"href":"https:\/\/diarioregionaldigital.com.br\/index.php?rest_route=%2Fwp%2Fv2%2Ftags&post=93805"}],"curies":[{"name":"wp","href":"https:\/\/api.w.org\/{rel}","templated":true}]}}