{"id":93801,"date":"2018-03-14T12:13:17","date_gmt":"2018-03-14T15:13:17","guid":{"rendered":"http:\/\/diarioregionaljf.com.br\/2018\/03\/14\/funalfa-cadastra-interessados-em-conhecer-o-teatro-paschoal-carlos-magno\/"},"modified":"2018-03-14T12:13:17","modified_gmt":"2018-03-14T15:13:17","slug":"funalfa-cadastra-interessados-em-conhecer-o-teatro-paschoal-carlos-magno","status":"publish","type":"post","link":"https:\/\/diarioregionaldigital.com.br\/?p=93801","title":{"rendered":"Funalfa cadastra interessados em conhecer o Teatro \u201cPaschoal Carlos Magno\u201d"},"content":{"rendered":"<p>O hist\u00f3rico da obra, curiosidades do projeto e detalhes da estrutura t\u00e9cnica est\u00e3o entre os pontos abordados nas visitas guiadas ao pr\u00e9dio do Teatro \u201cPaschoal Carlos Magno\u201d, oferecidas pela Prefeitura de Juiz de Fora (PJF). A atividade \u00e9 inteiramente gratuita e coordenada pela Funda\u00e7\u00e3o Cultural \u201cAlfredo Ferreira Lage\u201d (Funalfa). Os interessados devem formalizar o pedido pelo e-mail paschoal.teatro@gmail.com, informando nome completo e telefone para contato. As datas ser\u00e3o agendadas conforme a demanda para forma\u00e7\u00e3o de grupos, de at\u00e9 20 pessoas.<\/p>\n<p>Entregue \u00e0 cidade no dia 2 de mar\u00e7o de 2018, o \u201cPaschoal Carlos Magno\u201d est\u00e1 localizado na Rua Gilberto de Alencar, atr\u00e1s da Igreja de S\u00e3o Sebasti\u00e3o, no Centro. A casa de espet\u00e1culos, com 407 lugares, representa vit\u00f3ria da classe art\u00edstica e da popula\u00e7\u00e3o da cidade, que sempre cobraram a conclus\u00e3o da obra, iniciada em 1981. Devido a s\u00e9rie de problemas, como instabilidade do terreno e custos elevados com indeniza\u00e7\u00e3o de vizinhos, cujos im\u00f3veis foram abalados, os trabalhos acabaram interrompidos e s\u00f3 foram retomados mais de 30 anos depois.<\/p>\n<p>Em 2018, quando a Funalfa completa 40 anos \u00e0 frente da gest\u00e3o cultural do munic\u00edpio, o teatro municipal finalmente se tornou realidade, passando a funcionar como centro propulsor e difusor de cultura. Sua conclus\u00e3o foi viabilizada por meio de parceria entre o munic\u00edpio e a Companhia de Desenvolvimento Econ\u00f4mico de Minas Gerais (Codemig).<\/p>\n<p>&nbsp;<\/p>\n<p>Fonte: Assessoria<\/p>\n","protected":false},"excerpt":{"rendered":"<p>O hist\u00f3rico da obra, curiosidades do projeto e detalhes da estrutura t\u00e9cnica est\u00e3o entre os pontos abordados nas visitas guiadas ao pr\u00e9dio do Teatro \u201cPaschoal Carlos Magno\u201d, oferecidas pela Prefeitura de Juiz de Fora (PJF). A atividade \u00e9 inteiramente gratuita e coordenada pela Funda\u00e7\u00e3o Cultural \u201cAlfredo Ferreira Lage\u201d (Funalfa). Os interessados devem formalizar o pedido [&hellip;]<\/p>\n","protected":false},"author":96,"featured_media":93800,"comment_status":"closed","ping_status":"closed","sticky":false,"template":"","format":"standard","meta":{"footnotes":""},"categories":[256],"tags":[],"class_list":["post-93801","post","type-post","status-publish","format-standard","has-post-thumbnail","hentry","category-cultura"],"_links":{"self":[{"href":"https:\/\/diarioregionaldigital.com.br\/index.php?rest_route=\/wp\/v2\/posts\/93801","targetHints":{"allow":["GET"]}}],"collection":[{"href":"https:\/\/diarioregionaldigital.com.br\/index.php?rest_route=\/wp\/v2\/posts"}],"about":[{"href":"https:\/\/diarioregionaldigital.com.br\/index.php?rest_route=\/wp\/v2\/types\/post"}],"author":[{"embeddable":true,"href":"https:\/\/diarioregionaldigital.com.br\/index.php?rest_route=\/wp\/v2\/users\/96"}],"replies":[{"embeddable":true,"href":"https:\/\/diarioregionaldigital.com.br\/index.php?rest_route=%2Fwp%2Fv2%2Fcomments&post=93801"}],"version-history":[{"count":0,"href":"https:\/\/diarioregionaldigital.com.br\/index.php?rest_route=\/wp\/v2\/posts\/93801\/revisions"}],"wp:featuredmedia":[{"embeddable":true,"href":"https:\/\/diarioregionaldigital.com.br\/index.php?rest_route=\/wp\/v2\/media\/93800"}],"wp:attachment":[{"href":"https:\/\/diarioregionaldigital.com.br\/index.php?rest_route=%2Fwp%2Fv2%2Fmedia&parent=93801"}],"wp:term":[{"taxonomy":"category","embeddable":true,"href":"https:\/\/diarioregionaldigital.com.br\/index.php?rest_route=%2Fwp%2Fv2%2Fcategories&post=93801"},{"taxonomy":"post_tag","embeddable":true,"href":"https:\/\/diarioregionaldigital.com.br\/index.php?rest_route=%2Fwp%2Fv2%2Ftags&post=93801"}],"curies":[{"name":"wp","href":"https:\/\/api.w.org\/{rel}","templated":true}]}}