{"id":93799,"date":"2018-03-14T12:11:17","date_gmt":"2018-03-14T15:11:17","guid":{"rendered":"http:\/\/diarioregionaljf.com.br\/2018\/03\/14\/rodrigo-maia-anuncia-que-pecs-podem-tramitar-na-camara-durante-intervencao-no-rj\/"},"modified":"2018-03-14T12:11:17","modified_gmt":"2018-03-14T15:11:17","slug":"rodrigo-maia-anuncia-que-pecs-podem-tramitar-na-camara-durante-intervencao-no-rj","status":"publish","type":"post","link":"https:\/\/diarioregionaldigital.com.br\/?p=93799","title":{"rendered":"Rodrigo Maia anuncia que PECs podem tramitar na C\u00e2mara durante interven\u00e7\u00e3o no RJ"},"content":{"rendered":"<p>O presidente da C\u00e2mara, deputado Rodrigo Maia (DEM-RJ), afirmou nessa ter\u00e7a-feira, 13, que propostas de emenda \u00e0 Constitui\u00e7\u00e3o (PECs) poder\u00e3o tramitar na Comiss\u00e3o de Constitui\u00e7\u00e3o e Justi\u00e7a (CCJ) e nas comiss\u00f5es especiais durante a vig\u00eancia da interven\u00e7\u00e3o federal na seguran\u00e7a p\u00fablica do estado do Rio de Janeiro.<\/p>\n<p>A informa\u00e7\u00e3o foi anunciada no plen\u00e1rio da Casa, em resposta a uma quest\u00e3o de ordem do deputado Miro Teixeira (Rede-RJ), que pediu esclarecimentos sobre a tramita\u00e7\u00e3o das PECs. A Constitui\u00e7\u00e3o Federal veda altera\u00e7\u00f5es em seu texto no per\u00edodo de vig\u00eancia de interven\u00e7\u00e3o federal. De outro lado, logo ap\u00f3s a edi\u00e7\u00e3o do decreto de interven\u00e7\u00e3o, o presidente do Senado e do Congresso Nacional, Eun\u00edcio Oliveira (MDB-CE), suspendeu a tramita\u00e7\u00e3o de todas as PECs, inclusive nas comiss\u00f5es.<\/p>\n<p>Segundo Maia, a veda\u00e7\u00e3o \u00e9 aplicada apenas em discuss\u00e3o e vota\u00e7\u00e3o no Plen\u00e1rio. \u201cN\u00e3o parece razo\u00e1vel admitir que proposta de emenda \u00e0 Constitui\u00e7\u00e3o possa ser submetida a dois turnos de discuss\u00e3o e vota\u00e7\u00e3o durante a vig\u00eancia de interven\u00e7\u00e3o federal. A delibera\u00e7\u00e3o deve ocorrer quando houver situa\u00e7\u00e3o de plena normalidade. Nada impede, por outro lado, que a proposta seja despachada \u00e0 Comiss\u00e3o de Constitui\u00e7\u00e3o e Justi\u00e7a, que se limita a analisar a admissibilidade da mat\u00e9ria, e ainda que possa receber emendas e parecer da comiss\u00e3o especial para fins da instru\u00e7\u00e3o da mat\u00e9ria\u201d, afirmou.<\/p>\n<p><span style=\"font-size: 18pt;\">Contra o parecer<\/span><\/p>\n<p>Para o deputado Miro Teixeira, o texto constitucional foi mal interpretado, por n\u00e3o se tratar de interven\u00e7\u00e3o no estado do Rio de Janeiro, apenas na \u00e1rea de seguran\u00e7a p\u00fablica daquele estado. O parlamentar anunciou que far\u00e1 um questionamento na CCJ contra a decis\u00e3o de Rodrigo Maia.<\/p>\n<p>\u201cEu quero levar \u00e0 Comiss\u00e3o de Constitui\u00e7\u00e3o e Justi\u00e7a e de Cidadania exatamente um debate que envolver\u00e1 o pr\u00f3prio decreto, sen\u00e3o o governo federal pode paralisar o Congresso Nacional, a prerrogativa de emendamento da Constitui\u00e7\u00e3o, a qualquer momento, dizendo que est\u00e1 ali sendo cumprida a Constitui\u00e7\u00e3o. Mas n\u00e3o est\u00e1, porque a Constitui\u00e7\u00e3o \u00e9 clara, \u00e9 quando existe interven\u00e7\u00e3o no estado, e n\u00e3o houve interven\u00e7\u00e3o no estado\u201d, argumentou.<\/p>\n<p>Fonte: Ag\u00eancia Brasil<\/p>\n","protected":false},"excerpt":{"rendered":"<p>O presidente da C\u00e2mara, deputado Rodrigo Maia (DEM-RJ), afirmou nessa ter\u00e7a-feira, 13, que propostas de emenda \u00e0 Constitui\u00e7\u00e3o (PECs) poder\u00e3o tramitar na Comiss\u00e3o de Constitui\u00e7\u00e3o e Justi\u00e7a (CCJ) e nas comiss\u00f5es especiais durante a vig\u00eancia da interven\u00e7\u00e3o federal na seguran\u00e7a p\u00fablica do estado do Rio de Janeiro. A informa\u00e7\u00e3o foi anunciada no plen\u00e1rio da Casa, [&hellip;]<\/p>\n","protected":false},"author":96,"featured_media":93798,"comment_status":"closed","ping_status":"closed","sticky":false,"template":"","format":"standard","meta":{"footnotes":""},"categories":[254],"tags":[],"class_list":["post-93799","post","type-post","status-publish","format-standard","has-post-thumbnail","hentry","category-politica"],"_links":{"self":[{"href":"https:\/\/diarioregionaldigital.com.br\/index.php?rest_route=\/wp\/v2\/posts\/93799","targetHints":{"allow":["GET"]}}],"collection":[{"href":"https:\/\/diarioregionaldigital.com.br\/index.php?rest_route=\/wp\/v2\/posts"}],"about":[{"href":"https:\/\/diarioregionaldigital.com.br\/index.php?rest_route=\/wp\/v2\/types\/post"}],"author":[{"embeddable":true,"href":"https:\/\/diarioregionaldigital.com.br\/index.php?rest_route=\/wp\/v2\/users\/96"}],"replies":[{"embeddable":true,"href":"https:\/\/diarioregionaldigital.com.br\/index.php?rest_route=%2Fwp%2Fv2%2Fcomments&post=93799"}],"version-history":[{"count":0,"href":"https:\/\/diarioregionaldigital.com.br\/index.php?rest_route=\/wp\/v2\/posts\/93799\/revisions"}],"wp:featuredmedia":[{"embeddable":true,"href":"https:\/\/diarioregionaldigital.com.br\/index.php?rest_route=\/wp\/v2\/media\/93798"}],"wp:attachment":[{"href":"https:\/\/diarioregionaldigital.com.br\/index.php?rest_route=%2Fwp%2Fv2%2Fmedia&parent=93799"}],"wp:term":[{"taxonomy":"category","embeddable":true,"href":"https:\/\/diarioregionaldigital.com.br\/index.php?rest_route=%2Fwp%2Fv2%2Fcategories&post=93799"},{"taxonomy":"post_tag","embeddable":true,"href":"https:\/\/diarioregionaldigital.com.br\/index.php?rest_route=%2Fwp%2Fv2%2Ftags&post=93799"}],"curies":[{"name":"wp","href":"https:\/\/api.w.org\/{rel}","templated":true}]}}