{"id":93795,"date":"2018-03-14T12:03:14","date_gmt":"2018-03-14T15:03:14","guid":{"rendered":"http:\/\/diarioregionaljf.com.br\/2018\/03\/14\/temer-tera-acesso-a-decisao-sobre-quebra-de-sigilo-apos-diligencias\/"},"modified":"2018-03-14T12:03:14","modified_gmt":"2018-03-14T15:03:14","slug":"temer-tera-acesso-a-decisao-sobre-quebra-de-sigilo-apos-diligencias","status":"publish","type":"post","link":"https:\/\/diarioregionaldigital.com.br\/?p=93795","title":{"rendered":"Temer ter\u00e1 acesso \u00e0 decis\u00e3o sobre quebra de sigilo ap\u00f3s dilig\u00eancias"},"content":{"rendered":"<p>O ministro do Supremo Tribunal Federal (STF) Lu\u00eds Roberto Barroso decidiu nessa ter\u00e7a-feira, 13, que a defesa do presidente Michel Temer ter\u00e1 acesso \u00e0 decis\u00e3o sobre a quebra de seu sigilo banc\u00e1rio somente ap\u00f3s o cumprimento das dilig\u00eancias que foram determinadas.<\/p>\n<p>O pedido de acesso foi feito na semana passada pelos advogados ap\u00f3s serem notificados da decis\u00e3o de Barroso. A defesa queria acesso imediato \u00e0 decis\u00e3o que fundamentou a quebra do sigilo dos dados banc\u00e1rios do presidente, com base em um pedido de Pol\u00edcia Federal (PF).<\/p>\n<p>Barroso \u00e9 respons\u00e1vel no STF pelo inqu\u00e9rito da PF que investiga o suposto favorecimento da empresa Rodrimar S\/A por meio da edi\u00e7\u00e3o do chamado Decreto dos Portos (Decreto 9.048\/2017), assinado pelo presidente Temer em maio do ano passado.<\/p>\n<p>Na a\u00e7\u00e3o, al\u00e9m de Temer, s\u00e3o investigados o ex-deputado Rodrigo Rocha Loures e os empres\u00e1rios Ant\u00f4nio Celso Grecco e Ricardo Mesquita, donos da Rodrimar, empresa que atua no Porto de Santos.<\/p>\n<p>Em janeiro, ao responder por escrito aos questionamentos dos delegados respons\u00e1veis pelo caso, a defesa do presidente Temer declarou que ele nunca foi procurado por empres\u00e1rios do setor portu\u00e1rio para tratar da edi\u00e7\u00e3o do decreto, tampouco autorizou qualquer pessoa a fazer tratativas em seu nome.<\/p>\n<p>Fonte: Ag\u00eancia Brasil<\/p>\n","protected":false},"excerpt":{"rendered":"<p>O ministro do Supremo Tribunal Federal (STF) Lu\u00eds Roberto Barroso decidiu nessa ter\u00e7a-feira, 13, que a defesa do presidente Michel Temer ter\u00e1 acesso \u00e0 decis\u00e3o sobre a quebra de seu sigilo banc\u00e1rio somente ap\u00f3s o cumprimento das dilig\u00eancias que foram determinadas. O pedido de acesso foi feito na semana passada pelos advogados ap\u00f3s serem notificados [&hellip;]<\/p>\n","protected":false},"author":96,"featured_media":93794,"comment_status":"closed","ping_status":"closed","sticky":false,"template":"","format":"standard","meta":{"footnotes":""},"categories":[254],"tags":[],"class_list":["post-93795","post","type-post","status-publish","format-standard","has-post-thumbnail","hentry","category-politica"],"_links":{"self":[{"href":"https:\/\/diarioregionaldigital.com.br\/index.php?rest_route=\/wp\/v2\/posts\/93795","targetHints":{"allow":["GET"]}}],"collection":[{"href":"https:\/\/diarioregionaldigital.com.br\/index.php?rest_route=\/wp\/v2\/posts"}],"about":[{"href":"https:\/\/diarioregionaldigital.com.br\/index.php?rest_route=\/wp\/v2\/types\/post"}],"author":[{"embeddable":true,"href":"https:\/\/diarioregionaldigital.com.br\/index.php?rest_route=\/wp\/v2\/users\/96"}],"replies":[{"embeddable":true,"href":"https:\/\/diarioregionaldigital.com.br\/index.php?rest_route=%2Fwp%2Fv2%2Fcomments&post=93795"}],"version-history":[{"count":0,"href":"https:\/\/diarioregionaldigital.com.br\/index.php?rest_route=\/wp\/v2\/posts\/93795\/revisions"}],"wp:featuredmedia":[{"embeddable":true,"href":"https:\/\/diarioregionaldigital.com.br\/index.php?rest_route=\/wp\/v2\/media\/93794"}],"wp:attachment":[{"href":"https:\/\/diarioregionaldigital.com.br\/index.php?rest_route=%2Fwp%2Fv2%2Fmedia&parent=93795"}],"wp:term":[{"taxonomy":"category","embeddable":true,"href":"https:\/\/diarioregionaldigital.com.br\/index.php?rest_route=%2Fwp%2Fv2%2Fcategories&post=93795"},{"taxonomy":"post_tag","embeddable":true,"href":"https:\/\/diarioregionaldigital.com.br\/index.php?rest_route=%2Fwp%2Fv2%2Ftags&post=93795"}],"curies":[{"name":"wp","href":"https:\/\/api.w.org\/{rel}","templated":true}]}}