{"id":93793,"date":"2018-03-14T11:45:38","date_gmt":"2018-03-14T14:45:38","guid":{"rendered":"http:\/\/diarioregionaljf.com.br\/2018\/03\/14\/duas-pessoas-tem-celulares-roubados-por-assaltantes-armados\/"},"modified":"2018-03-14T11:45:38","modified_gmt":"2018-03-14T14:45:38","slug":"duas-pessoas-tem-celulares-roubados-por-assaltantes-armados","status":"publish","type":"post","link":"https:\/\/diarioregionaldigital.com.br\/?p=93793","title":{"rendered":"Duas pessoas tem celulares roubados por assaltantes armados"},"content":{"rendered":"<p>Dois homens, de 34 e 37 anos, tiveram os celulares roubados por assaltantes armados, em bairros diferentes de Juiz de Fora, na noite dessa ter\u00e7a-feira, 13.<\/p>\n<p>Um dos casos ocorreu na Avenida Eug\u00eanio do Nascimento, no bairro Aeroporto, zona Oeste. De acordo com informa\u00e7\u00f5es da Pol\u00edcia Militar (PM), a v\u00edtima, de 37 anos, relatou que foi abordada por dois indiv\u00edduos, um deles armado, e os mesmos roubaram seu aparelho celular e um fone de ouvido. Os autores fugiram a p\u00e9.<\/p>\n<p>O outro caso foi registrado no bairro F\u00e1brica, na zona Norte. Um homem de 34 anos relatou que transitava pela Rua Bernardo Mascarenhas quando foi abordado por um indiv\u00edduo portando uma arma de fogo. A v\u00edtima tamb\u00e9m teve o celular e um fone de ouvido roubados. O autor fugiu a p\u00e9 sentido ao bairro Esplanada.<\/p>\n<p>As v\u00edtimas foram orientadas sobre as demais provid\u00eancias.<\/p>\n<p class=\"MsoNormalCxSpFirst\" style=\"margin-bottom: .0001pt; mso-add-space: auto; text-align: justify; text-justify: inter-ideograph; line-height: normal;\"><b style=\"mso-bidi-font-weight: normal;\"><span style=\"font-size: 12.0pt; font-family: 'Arial','sans-serif';\"><\/span><\/b><\/p>\n<p class=\"MsoNormalCxSpMiddle\" style=\"margin-bottom: .0001pt; mso-add-space: auto; text-align: justify; text-justify: inter-ideograph; line-height: normal;\"><b style=\"mso-bidi-font-weight: normal;\"><span style=\"font-size: 12.0pt; font-family: 'Arial','sans-serif';\"><span style=\"mso-tab-count: 1;\">&nbsp;&nbsp;&nbsp;&nbsp;&nbsp;&nbsp;&nbsp;&nbsp;&nbsp;&nbsp;&nbsp; <\/span><\/span><\/b><span style=\"font-size: 12.0pt; font-family: 'Arial','sans-serif';\">Dois homens, de 34 e 37 anos, tiveram os celulares roubados por assaltantes armados, em bairros diferentes de Juiz de Fora, na noite dessa ter\u00e7a-feira, 13.<\/span><\/p>\n<p class=\"MsoNormalCxSpMiddle\" style=\"margin-bottom: .0001pt; mso-add-space: auto; text-align: justify; text-justify: inter-ideograph; line-height: normal;\"><span style=\"font-size: 12.0pt; font-family: 'Arial','sans-serif';\"><span style=\"mso-tab-count: 1;\">&nbsp;&nbsp;&nbsp;&nbsp;&nbsp;&nbsp;&nbsp;&nbsp;&nbsp;&nbsp;&nbsp; <\/span>Um dos casos ocorreu na Avenida Eug\u00eanio do Nascimento, no bairro Aeroporto, zona Oeste. De acordo com informa\u00e7\u00f5es da Pol\u00edcia Militar (PM), a v\u00edtima, de 37 anos, relatou que foi abordada por dois indiv\u00edduos, um deles armado, e os mesmos roubaram seu aparelho celular e um fone de ouvido. Os autores fugiram a p\u00e9. <\/span><\/p>\n<p class=\"MsoNormalCxSpMiddle\" style=\"margin-bottom: .0001pt; mso-add-space: auto; text-align: justify; text-justify: inter-ideograph; line-height: normal;\"><span style=\"font-size: 12.0pt; font-family: 'Arial','sans-serif';\"><span style=\"mso-tab-count: 1;\">&nbsp;&nbsp;&nbsp;&nbsp;&nbsp;&nbsp;&nbsp;&nbsp;&nbsp;&nbsp;&nbsp; <\/span>O outro caso foi registrado no bairro F\u00e1brica, na zona Norte. Um homem de 34 anos relatou que transitava pela Rua Bernardo Mascarenhas quando foi abordado por um indiv\u00edduo portando uma arma de fogo. A v\u00edtima tamb\u00e9m teve o celular e um fone de ouvido roubados. O autor fugiu a p\u00e9 sentido ao bairro Esplanada. <\/span><\/p>\n<p class=\"MsoNormalCxSpMiddle\" style=\"margin-bottom: .0001pt; mso-add-space: auto; text-align: justify; text-justify: inter-ideograph; line-height: normal;\"><span style=\"font-size: 12.0pt; font-family: 'Arial','sans-serif';\"><span style=\"mso-tab-count: 1;\">&nbsp;&nbsp;&nbsp;&nbsp;&nbsp;&nbsp;&nbsp;&nbsp;&nbsp;&nbsp;&nbsp; <\/span>As v\u00edtimas foram orientadas sobre as demais provid\u00eancias. <\/span><\/p>\n<p>&nbsp;<\/p>\n","protected":false},"excerpt":{"rendered":"<p>Dois homens, de 34 e 37 anos, tiveram os celulares roubados por assaltantes armados, em bairros diferentes de Juiz de Fora, na noite dessa ter\u00e7a-feira, 13. Um dos casos ocorreu na Avenida Eug\u00eanio do Nascimento, no bairro Aeroporto, zona Oeste. De acordo com informa\u00e7\u00f5es da Pol\u00edcia Militar (PM), a v\u00edtima, de 37 anos, relatou que [&hellip;]<\/p>\n","protected":false},"author":96,"featured_media":93792,"comment_status":"closed","ping_status":"closed","sticky":false,"template":"","format":"standard","meta":{"footnotes":""},"categories":[301],"tags":[],"class_list":["post-93793","post","type-post","status-publish","format-standard","has-post-thumbnail","hentry","category-artigos-policiais"],"_links":{"self":[{"href":"https:\/\/diarioregionaldigital.com.br\/index.php?rest_route=\/wp\/v2\/posts\/93793","targetHints":{"allow":["GET"]}}],"collection":[{"href":"https:\/\/diarioregionaldigital.com.br\/index.php?rest_route=\/wp\/v2\/posts"}],"about":[{"href":"https:\/\/diarioregionaldigital.com.br\/index.php?rest_route=\/wp\/v2\/types\/post"}],"author":[{"embeddable":true,"href":"https:\/\/diarioregionaldigital.com.br\/index.php?rest_route=\/wp\/v2\/users\/96"}],"replies":[{"embeddable":true,"href":"https:\/\/diarioregionaldigital.com.br\/index.php?rest_route=%2Fwp%2Fv2%2Fcomments&post=93793"}],"version-history":[{"count":0,"href":"https:\/\/diarioregionaldigital.com.br\/index.php?rest_route=\/wp\/v2\/posts\/93793\/revisions"}],"wp:featuredmedia":[{"embeddable":true,"href":"https:\/\/diarioregionaldigital.com.br\/index.php?rest_route=\/wp\/v2\/media\/93792"}],"wp:attachment":[{"href":"https:\/\/diarioregionaldigital.com.br\/index.php?rest_route=%2Fwp%2Fv2%2Fmedia&parent=93793"}],"wp:term":[{"taxonomy":"category","embeddable":true,"href":"https:\/\/diarioregionaldigital.com.br\/index.php?rest_route=%2Fwp%2Fv2%2Fcategories&post=93793"},{"taxonomy":"post_tag","embeddable":true,"href":"https:\/\/diarioregionaldigital.com.br\/index.php?rest_route=%2Fwp%2Fv2%2Ftags&post=93793"}],"curies":[{"name":"wp","href":"https:\/\/api.w.org\/{rel}","templated":true}]}}