{"id":93789,"date":"2018-03-14T11:09:31","date_gmt":"2018-03-14T14:09:31","guid":{"rendered":"http:\/\/diarioregionaljf.com.br\/2018\/03\/14\/apos-decisao-do-tst-trabalhadores-dos-correios-encerram-greve\/"},"modified":"2018-03-14T11:09:31","modified_gmt":"2018-03-14T14:09:31","slug":"apos-decisao-do-tst-trabalhadores-dos-correios-encerram-greve","status":"publish","type":"post","link":"https:\/\/diarioregionaldigital.com.br\/?p=93789","title":{"rendered":"Ap\u00f3s decis\u00e3o do TST, trabalhadores dos Correios encerram greve"},"content":{"rendered":"<p>Em assembleias realizadas nesta ter\u00e7a-feira, 13, trabalhadores dos Correios de diversos estados aprovaram o fim da greve deflagrada na segunda-feira, 12, e o retorno aos trabalhos a partir desta quarta-feira, 14. Segundo a federa\u00e7\u00e3o da categoria, apenas dois estados ainda ter\u00e3o assembleias nos pr\u00f3ximos dias para avaliar a continuidade da paralisa\u00e7\u00e3o: Rio de Janeiro e S\u00e3o Paulo.<\/p>\n<p>A decis\u00e3o foi tomada ap\u00f3s o Tribunal Superior do Trabalho julgar, nessa segunda-feira, 12, o impasse sobre o plano de sa\u00fade dos empregados. A dire\u00e7\u00e3o dos Correios defendia a cobran\u00e7a de mensalidade dos funcion\u00e1rios e restri\u00e7\u00e3o do benef\u00edcio apenas a estes. Os trabalhadores eram contr\u00e1rios a qualquer mudan\u00e7a no sistema, que garantia seguro-sa\u00fade a dependentes (incluindo pai e m\u00e3e) com pagamento por procedimento utilizado, e n\u00e3o por parcela fixa mensal.<\/p>\n<p>O item foi o principal impasse da negocia\u00e7\u00e3o do Acordo Coletivo de Trabalho, tendo sido encaminhado para an\u00e1lise do TST. O tribunal aprovou a proposta do relator do processo, ministro Aloysio Corr\u00eaa, prevendo o pagamento de mensalidades variando por idade e remunera\u00e7\u00e3o, na modalidade de co-participa\u00e7\u00e3o na qual os trabalhadores passam a ter que arcar com 30% dos valores e a empresa, com 70%. J\u00e1 pais e m\u00e3es ser\u00e3o cobertos pelo plano at\u00e9 o encerramento do ACT em vigor, em julho de 2019.<\/p>\n<p>Em nota, os Correios informaram que na tarde dessa ter\u00e7a-feira o TST determinou a manuten\u00e7\u00e3o de efetivo m\u00ednimo de 80% dos trabalhadores em cada unidade, enquanto durasse o movimento.<\/p>\n<p>&nbsp;<\/p>\n<h4>GRANDE AVAN\u00c7O<\/h4>\n<p>A diretoria dos Correios classificou o julgamento do TST como um grande avan\u00e7o. \u201cA decis\u00e3o ficou distante da nossa proposta inicial, mas \u00e9 um reconhecimento de que o custeio tem que ser compartilhado e o primeiro passo importante para a sustentabilidade do plano e dos pr\u00f3prios Correios\u201d, avalia o presidente da empresa, Guilherme Campos.<\/p>\n<p>&nbsp;<\/p>\n<h4>JURISPRUD\u00caNCIA RASGADA<\/h4>\n<p>J\u00e1 para a Federa\u00e7\u00e3o Nacional dos Trabalhadores do Correios (Fentect), o tribunal rasgou sua jurisprud\u00eancia e atingiu os trabalhadores, que ter\u00e3o dificuldades de arcar com os custos do plano de sa\u00fade. Com o fim da greve, os sindicatos de trabalhadores se manter\u00e3o mobilizados para fazer a defesa da empresa contra as amea\u00e7as de privatiza\u00e7\u00e3o.<\/p>\n<p>\u201cTenho 20 anos nos Correios e em nenhum momento a empresa precisou de recursos da Uni\u00e3o para se manter. A presen\u00e7a dela \u00e9 papel do Estado brasileiro. Correios t\u00eam condi\u00e7\u00e3o de dar lucro, mas passou por ataque do pr\u00f3prio governo violento, que deixou a empresa descapitalizada. \u00c9 preciso melhorar a gest\u00e3o e garantir investimentos para que a companhia passe por este momento de crise\u201d, defende Jos\u00e9 Rivaldo da Silva, secret\u00e1rio-geral da federa\u00e7\u00e3o.<\/p>\n<p>&nbsp;<\/p>\n<h4>PRIVATIZA\u00c7\u00c3O<\/h4>\n<p>Nessa ter\u00e7a-feira, 13, pela manh\u00e3, o ministro de Ci\u00eancia, Tecnologia, Inova\u00e7\u00f5es e Comunica\u00e7\u00f5es, Gilberto Kassab, afirmou que mesmo com o desfecho dado pelo TST o governo n\u00e3o descarta privatizar a empresa. Ao dar entrevista ao programa Por Dentro do Governo, da TV NBR, Kassab disse: \u201cOu os Correios diminuem suas despesas ou v\u00e3o passar por um processo de privatiza\u00e7\u00e3o\u201d.<\/p>\n<p>&nbsp;<\/p>\n<p>Fonte: Ag\u00eancia Brasil<\/p>\n","protected":false},"excerpt":{"rendered":"<p>Em assembleias realizadas nesta ter\u00e7a-feira, 13, trabalhadores dos Correios de diversos estados aprovaram o fim da greve deflagrada na segunda-feira, 12, e o retorno aos trabalhos a partir desta quarta-feira, 14. Segundo a federa\u00e7\u00e3o da categoria, apenas dois estados ainda ter\u00e3o assembleias nos pr\u00f3ximos dias para avaliar a continuidade da paralisa\u00e7\u00e3o: Rio de Janeiro e [&hellip;]<\/p>\n","protected":false},"author":96,"featured_media":93788,"comment_status":"closed","ping_status":"closed","sticky":false,"template":"","format":"standard","meta":{"footnotes":""},"categories":[302],"tags":[],"class_list":["post-93789","post","type-post","status-publish","format-standard","has-post-thumbnail","hentry","category-brasil-mundo"],"_links":{"self":[{"href":"https:\/\/diarioregionaldigital.com.br\/index.php?rest_route=\/wp\/v2\/posts\/93789","targetHints":{"allow":["GET"]}}],"collection":[{"href":"https:\/\/diarioregionaldigital.com.br\/index.php?rest_route=\/wp\/v2\/posts"}],"about":[{"href":"https:\/\/diarioregionaldigital.com.br\/index.php?rest_route=\/wp\/v2\/types\/post"}],"author":[{"embeddable":true,"href":"https:\/\/diarioregionaldigital.com.br\/index.php?rest_route=\/wp\/v2\/users\/96"}],"replies":[{"embeddable":true,"href":"https:\/\/diarioregionaldigital.com.br\/index.php?rest_route=%2Fwp%2Fv2%2Fcomments&post=93789"}],"version-history":[{"count":0,"href":"https:\/\/diarioregionaldigital.com.br\/index.php?rest_route=\/wp\/v2\/posts\/93789\/revisions"}],"wp:featuredmedia":[{"embeddable":true,"href":"https:\/\/diarioregionaldigital.com.br\/index.php?rest_route=\/wp\/v2\/media\/93788"}],"wp:attachment":[{"href":"https:\/\/diarioregionaldigital.com.br\/index.php?rest_route=%2Fwp%2Fv2%2Fmedia&parent=93789"}],"wp:term":[{"taxonomy":"category","embeddable":true,"href":"https:\/\/diarioregionaldigital.com.br\/index.php?rest_route=%2Fwp%2Fv2%2Fcategories&post=93789"},{"taxonomy":"post_tag","embeddable":true,"href":"https:\/\/diarioregionaldigital.com.br\/index.php?rest_route=%2Fwp%2Fv2%2Ftags&post=93789"}],"curies":[{"name":"wp","href":"https:\/\/api.w.org\/{rel}","templated":true}]}}