{"id":93787,"date":"2018-03-14T10:57:52","date_gmt":"2018-03-14T13:57:52","guid":{"rendered":"http:\/\/diarioregionaljf.com.br\/2018\/03\/14\/homem-armado-rouba-r-200-em-padaria-no-santa-efigenia\/"},"modified":"2018-03-14T10:57:52","modified_gmt":"2018-03-14T13:57:52","slug":"homem-armado-rouba-r-200-em-padaria-no-santa-efigenia","status":"publish","type":"post","link":"https:\/\/diarioregionaldigital.com.br\/?p=93787","title":{"rendered":"Homem armado rouba R$200 em padaria no Santa Efig\u00eania"},"content":{"rendered":"<p>Um homem armado assaltou uma padaria na Rua Ant\u00f4nio da Rocha Lima, no bairro Santa Efig\u00eania, zona Sul de Juiz de Fora, na tarde dessa ter\u00e7a-feira, 13.<\/p>\n<p>Conforme o registro da ocorr\u00eancia na Pol\u00edcia Militar (PM), uma funcion\u00e1ria do local, uma jovem de 19 anos, relatou que estava trabalhando no caixa quando o homem chegou e, portando um rev\u00f3lver, anunciou o assalto. Em seguida, o autor jogou uma mochila no ch\u00e3o e ordenou que a v\u00edtima entregasse toda a quantia que se encontrava na gaveta. No total, foram roubados R$200 em dinheiro.<\/p>\n<p>Ainda segundo informa\u00e7\u00f5es da PM, populares alegam que o autor \u00e9 morador na regi\u00e3o. Ele fugiu ap\u00f3s a a\u00e7\u00e3o e, mesmo ap\u00f3s rastreamento, n\u00e3o foi localizado. O propriet\u00e1rio da padaria foi orientado sobre as demais provid\u00eancias.<\/p>\n","protected":false},"excerpt":{"rendered":"<p>Um homem armado assaltou uma padaria na Rua Ant\u00f4nio da Rocha Lima, no bairro Santa Efig\u00eania, zona Sul de Juiz de Fora, na tarde dessa ter\u00e7a-feira, 13. Conforme o registro da ocorr\u00eancia na Pol\u00edcia Militar (PM), uma funcion\u00e1ria do local, uma jovem de 19 anos, relatou que estava trabalhando no caixa quando o homem chegou [&hellip;]<\/p>\n","protected":false},"author":96,"featured_media":93786,"comment_status":"closed","ping_status":"closed","sticky":false,"template":"","format":"standard","meta":{"footnotes":""},"categories":[301],"tags":[],"class_list":["post-93787","post","type-post","status-publish","format-standard","has-post-thumbnail","hentry","category-artigos-policiais"],"_links":{"self":[{"href":"https:\/\/diarioregionaldigital.com.br\/index.php?rest_route=\/wp\/v2\/posts\/93787","targetHints":{"allow":["GET"]}}],"collection":[{"href":"https:\/\/diarioregionaldigital.com.br\/index.php?rest_route=\/wp\/v2\/posts"}],"about":[{"href":"https:\/\/diarioregionaldigital.com.br\/index.php?rest_route=\/wp\/v2\/types\/post"}],"author":[{"embeddable":true,"href":"https:\/\/diarioregionaldigital.com.br\/index.php?rest_route=\/wp\/v2\/users\/96"}],"replies":[{"embeddable":true,"href":"https:\/\/diarioregionaldigital.com.br\/index.php?rest_route=%2Fwp%2Fv2%2Fcomments&post=93787"}],"version-history":[{"count":0,"href":"https:\/\/diarioregionaldigital.com.br\/index.php?rest_route=\/wp\/v2\/posts\/93787\/revisions"}],"wp:featuredmedia":[{"embeddable":true,"href":"https:\/\/diarioregionaldigital.com.br\/index.php?rest_route=\/wp\/v2\/media\/93786"}],"wp:attachment":[{"href":"https:\/\/diarioregionaldigital.com.br\/index.php?rest_route=%2Fwp%2Fv2%2Fmedia&parent=93787"}],"wp:term":[{"taxonomy":"category","embeddable":true,"href":"https:\/\/diarioregionaldigital.com.br\/index.php?rest_route=%2Fwp%2Fv2%2Fcategories&post=93787"},{"taxonomy":"post_tag","embeddable":true,"href":"https:\/\/diarioregionaldigital.com.br\/index.php?rest_route=%2Fwp%2Fv2%2Ftags&post=93787"}],"curies":[{"name":"wp","href":"https:\/\/api.w.org\/{rel}","templated":true}]}}