{"id":93785,"date":"2018-03-13T23:57:44","date_gmt":"2018-03-14T02:57:44","guid":{"rendered":"http:\/\/diarioregionaljf.com.br\/2018\/03\/13\/oftalmologista-alerta-para-cuidados-na-prevencao-da-conjuntivite\/"},"modified":"2018-03-13T23:57:44","modified_gmt":"2018-03-14T02:57:44","slug":"oftalmologista-alerta-para-cuidados-na-prevencao-da-conjuntivite","status":"publish","type":"post","link":"https:\/\/diarioregionaldigital.com.br\/?p=93785","title":{"rendered":"Oftalmologista alerta para cuidados na preven\u00e7\u00e3o da conjuntivite"},"content":{"rendered":"<p>Uma das doen\u00e7as mais recorrentes no ver\u00e3o \u00e9 a conjuntivite, infec\u00e7\u00e3o que aparece na conjuntiva, a membrana que recobre a parte branca do olho. A mais comum \u00e9 a causada por v\u00edrus, que \u00e9 mais resistente, circulando com mais facilidade no ar devido \u00e0s altas temperaturas e umidade desta \u00e9poca do ano e tamb\u00e9m em ambientes fechados.<\/p>\n<p>\u201cNo ver\u00e3o, \u00e9 predominante as conjuntivite infecciosas, que s\u00e3o causadas por v\u00edrus ou bact\u00e9rias. O cont\u00e1gio se deve pela aglomera\u00e7\u00e3o de pessoas em academia, piscina, praias, \u00f4nibus, por exemplo\u201d, pontuou o oftalmologista Luciano Arantes. \u201cA transmiss\u00e3o n\u00e3o ocorre s\u00f3 de a pessoa contaminada te olhar, mas sim manualmente. Ela coloca a m\u00e3o no olho e depois na ma\u00e7aneta do \u00f4nibus para descer. No ponto seguinte, voc\u00ea pega na ma\u00e7aneta e leva a m\u00e3o no olho\u201d, explicou o especialista sobre a transmiss\u00e3o da doen\u00e7a. A viral e a bacteriana s\u00e3o transmitidas da mesma maneira.<\/p>\n<p>Olhos avermelhados e lacrimejantes, p\u00e1lpebras inchadas, secre\u00e7\u00e3o e sensa\u00e7\u00e3o de areia nos olhos s\u00e3o os principais sintomas da conjuntivite, afirmou o especialista. \u201cA pessoa sabe quando o seu olho n\u00e3o est\u00e1 normal. Sentiu algum inc\u00f4modo, como sensa\u00e7\u00e3o de areia no olho, n\u00e3o se automedique, pois voc\u00ea pode est\u00e1 mascarando a doen\u00e7a e piorando o quadro. A automedica\u00e7\u00e3o pode potencializar o v\u00edrus e levar a cegueira, por exemplo\u201d, alertou o oftalmologista sobre a necessidade de procurar ajuda m\u00e9dica assim que surgir um sintoma. A doen\u00e7a pode acometer um ou ambos os olhos de uma semana a 15 dias.<\/p>\n<p>Arantes tamb\u00e9m orientou que a pessoa se afaste do trabalho e crian\u00e7as da escola para evitar contaminar os colegas. \u201cSolicite um atestado de 7 a 10 dias para que a crian\u00e7a n\u00e3o v\u00e1 escola. Evite co\u00e7ar os olhos, cumprimentar outras pessoas e sempre lave a m\u00e3o at\u00e9 passar a fase de cont\u00e1gio\u201d, disse.<\/p>\n<p>Por\u00e9m foi cumprimentando amigos da faculdade que o universit\u00e1rio Diego Lopes descobriu que poderia est\u00e1 com a doen\u00e7a. \u201cNa ter\u00e7a-feira da semana passada, um dos meus olhos ficou vermelho e irritado, tentava a ler e me incomodava. Quando fui para a aula, alguns amigos me disseram que poderia ser conjuntivite. Eu n\u00e3o sabia por que nunca tive a doen\u00e7a antes\u201d, relatou.<\/p>\n<p>Em casa, ap\u00f3s a aula, Lopes procurou informa\u00e7\u00f5es sobre conjuntivite na internet. \u201cDepois [da busca online], comprei um soro fisiol\u00f3gico, por\u00e9m meu olho inchou muito e na manh\u00e3 de quarta-feira fui para UPA [Unidade de Pronto Atendimento]. O meu olho estava t\u00e3o inchado que, ap\u00f3s a triagem, fui o primeiro a ser atendido\u201d, disse o estudante, que tamb\u00e9m contou que um de seus colegas de rep\u00fablica tamb\u00e9m teve a doen\u00e7a. \u201cO m\u00e9dico me receitou o col\u00edrio para ser pingado por uma semana e de seis em seis horas, por\u00e9m, no primeiro dia, estava t\u00e3o inchado que ele me recomendou que eu pingasse de duas em duas horas\u201d.<\/p>\n<h4>&nbsp;<\/h4>\n<h4>TRATAMENTO<\/h4>\n<p>No caso da conjuntivite viral, n\u00e3o existe tratamento espec\u00edfico. \u00c9 recomendado o uso de compressas frias ou geladas e aplica\u00e7\u00e3o de col\u00edrio lubrificante gelado v\u00e1rias vezes por dia para aliviar. Para a bacteriana, o tratamento \u00e9 com col\u00edrio antibi\u00f3tico. \u00c9 recomendado lavar os olhos e fazer compressas de \u00e1gua gelada, filtrada e fervida, ou soro fisiol\u00f3gico.<\/p>\n<h4>DICAS<\/h4>\n<p>1. Nunca compartilhe itens pessoais como maquiagem, travesseiros, \u00f3culos e toalhas de m\u00e3o e rosto;<br \/>2. Cubra o nariz e a boca quando tossir ou espirrar e evite esfregar ou tocar os olhos;<br \/>3. Nunca compartilhe suas lentes de contato com outra pessoa e interrompa o uso caso apresente sintomas da conjuntivite;<br \/>4. Lave as m\u00e3os frequentemente, especialmente quando passar tempo na escola ou em outros lugares p\u00fablicos;<br \/>5. Mantenha acess\u00edvel um desinfetante manual como o \u00e1lcool gel e use-o com frequ\u00eancia;<br \/>6. Limpe sempre as superf\u00edcies com um antiss\u00e9ptico apropriado;<br \/>7. Se voc\u00ea sabe que sofre alergias sazonais, pergunte ao seu m\u00e9dico o que pode ser feito para minimizar seus sintomas;<br \/>8. Ao nadar, use \u00f3culos de nata\u00e7\u00e3o para se proteger de bact\u00e9rias e outros microrganismos presentes na \u00e1gua ou evite piscina;<br \/>9. Ande sempre com len\u00e7os de papel para secar ou limpar os olhos e jogue-os fora ap\u00f3s o uso. N\u00e3o guarde os len\u00e7os contaminados no bolso para reutiliza\u00e7\u00e3o;<br \/>10. N\u00e3o use lentes de contato ou maquiagem na regi\u00e3o dos olhos enquanto eles ainda estiverem vermelhos ou irritados;<br \/>11. Separe sua toalha de rosto e travesseiro, de prefer\u00eancia troque a fronha e a toalha todos os dias;<br \/>12. Use apenas o medicamento indicado pelo seu m\u00e9dico e lave os olhos com \u00e1gua filtrada ou tratada;<br \/>13. Fa\u00e7a compressas frias v\u00e1rias vezes por dia e lave o rosto e os olhos com \u00e1gua gelada sempre que poss\u00edvel;<br \/>14. Em caso de baixa de vis\u00e3o, procure novamente seu oftalmologista;<br \/>15. Evite a reinfec\u00e7\u00e3o n\u00e3o utilizando novamente a maquiagem ou lentes de contato que possa ter usado no per\u00edodo que estava doente;<br \/>16. Evitar co\u00e7ar os olhos para diminuir a irrita\u00e7\u00e3o da \u00e1rea;<br \/>17. Lavar as m\u00e3os antes e depois do uso de col\u00edrios ou pomadas;<br \/>18. N\u00e3o encostar o frasco do col\u00edrio ou da pomada no olho.<\/p>\n","protected":false},"excerpt":{"rendered":"<p>Uma das doen\u00e7as mais recorrentes no ver\u00e3o \u00e9 a conjuntivite, infec\u00e7\u00e3o que aparece na conjuntiva, a membrana que recobre a parte branca do olho. A mais comum \u00e9 a causada por v\u00edrus, que \u00e9 mais resistente, circulando com mais facilidade no ar devido \u00e0s altas temperaturas e umidade desta \u00e9poca do ano e tamb\u00e9m em [&hellip;]<\/p>\n","protected":false},"author":96,"featured_media":93784,"comment_status":"closed","ping_status":"closed","sticky":false,"template":"","format":"standard","meta":{"footnotes":""},"categories":[253],"tags":[],"class_list":["post-93785","post","type-post","status-publish","format-standard","has-post-thumbnail","hentry","category-cidade"],"_links":{"self":[{"href":"https:\/\/diarioregionaldigital.com.br\/index.php?rest_route=\/wp\/v2\/posts\/93785","targetHints":{"allow":["GET"]}}],"collection":[{"href":"https:\/\/diarioregionaldigital.com.br\/index.php?rest_route=\/wp\/v2\/posts"}],"about":[{"href":"https:\/\/diarioregionaldigital.com.br\/index.php?rest_route=\/wp\/v2\/types\/post"}],"author":[{"embeddable":true,"href":"https:\/\/diarioregionaldigital.com.br\/index.php?rest_route=\/wp\/v2\/users\/96"}],"replies":[{"embeddable":true,"href":"https:\/\/diarioregionaldigital.com.br\/index.php?rest_route=%2Fwp%2Fv2%2Fcomments&post=93785"}],"version-history":[{"count":0,"href":"https:\/\/diarioregionaldigital.com.br\/index.php?rest_route=\/wp\/v2\/posts\/93785\/revisions"}],"wp:featuredmedia":[{"embeddable":true,"href":"https:\/\/diarioregionaldigital.com.br\/index.php?rest_route=\/wp\/v2\/media\/93784"}],"wp:attachment":[{"href":"https:\/\/diarioregionaldigital.com.br\/index.php?rest_route=%2Fwp%2Fv2%2Fmedia&parent=93785"}],"wp:term":[{"taxonomy":"category","embeddable":true,"href":"https:\/\/diarioregionaldigital.com.br\/index.php?rest_route=%2Fwp%2Fv2%2Fcategories&post=93785"},{"taxonomy":"post_tag","embeddable":true,"href":"https:\/\/diarioregionaldigital.com.br\/index.php?rest_route=%2Fwp%2Fv2%2Ftags&post=93785"}],"curies":[{"name":"wp","href":"https:\/\/api.w.org\/{rel}","templated":true}]}}