{"id":93783,"date":"2018-03-13T23:34:32","date_gmt":"2018-03-14T02:34:32","guid":{"rendered":"http:\/\/diarioregionaljf.com.br\/2018\/03\/13\/ele-merece\/"},"modified":"2018-03-13T23:34:32","modified_gmt":"2018-03-14T02:34:32","slug":"ele-merece","status":"publish","type":"post","link":"https:\/\/diarioregionaldigital.com.br\/?p=93783","title":{"rendered":"Ele merece"},"content":{"rendered":"<p>Din\u00e2mico e atuante, Renato Dantas assumiu a diretoria de esportes do Clube de Engenharia. Sua primeira miss\u00e3o ser\u00e1 coordenar o torneio de futebol society em comemora\u00e7\u00e3o aos 85 anos do clube, em maio. O convite foi do presidente Jo\u00e3o Carlos Navarro.<\/p>\n<hr \/>\n<h4>L\u00c1 LONGE<\/h4>\n<p>Sess\u00e3o flor de laranjeira movimentou a cidade de S\u00e3o Miguel dos Milagres, no litoral Norte de Alagoas, para o casamento do casal Marcela de Castro Ferenzini e Bernardo Toledo Mansur. Ela, filha de Rossana Campos de Castro e do desembargador Marco Aur\u00e9lio Ferenzini. Ele, filho de Waleska e Fernando de Souza Mansur.<\/p>\n<hr \/>\n<h4>&nbsp;ARTE<\/h4>\n<p>A Funalfa divulgou edital de ocupa\u00e7\u00e3o do Teatro Paschoal Carlos Magno e o espa\u00e7o j\u00e1 tem eventos agendados para abril. O primeiro evento confirmado \u00e9 o 1\u00ba Encontro Sala de Giz de Teatro e Po\u00e9ticas do Corpo. Ser\u00e1 instalado um painel no foyer do teatro preparado pelo artista pl\u00e1stico Carlos Bracher.<\/p>\n<hr \/>\n<h4>PENAS<\/h4>\n<p>Com penas mais severas, a C\u00e2mara aprovou projeto de lei que torna mais duras as penas por estupro coletivo e tipifica como crime a divulga\u00e7\u00e3o de cenas do ato. O projeto em boa hora contra a viol\u00eancia, ir\u00e1 ao Senado.<\/p>\n<hr \/>\n<h4>PRIMEIRO EM CASA<\/h4>\n<p>Lan\u00e7ado \u00e0 Presid\u00eancia, Rodrigo Maia quer mostrar for\u00e7a no pr\u00f3prio partido. Vai dobrar o n\u00famero de deputados do Rio filiados ao DEM. Quatro parlamentares fluminenses anunciam mudan\u00e7a na legenda. Ser\u00e1 o partido com mais deputados do estado, o que ajuda tamb\u00e9m a campanha do pai, C\u00e9sar Maia, ao governo do Rio.<\/p>\n<hr \/>\n<h4>CHOVE CHUVA<\/h4>\n<p>Os temporais n\u00e3o devem dar tr\u00e9gua este m\u00eas. Ap\u00f3s fevereiro ter registrado um volume m\u00e9dio de chuva 1.000% superior ao do mesmo per\u00edodo do ano passado, a previs\u00e3o \u00e9 que mar\u00e7o seja tamb\u00e9m marcado por aguaceiros devido \u00e0 presen\u00e7a de uma massa de ar quente e \u00famido sobre o Brasil. S\u00e3o as \u00e1guas de mar\u00e7o fechando ver\u00e3o.<\/p>\n<hr \/>\n<p>&nbsp;<\/p>\n<p style=\"text-align: center;\"><img loading=\"lazy\" decoding=\"async\" class=\" size-full wp-image-93774\" src=\"http:\/\/diarioregionaljf.com.br\/wp-content\/uploads\/2018\/03\/diario-int-25042-1.jpg\" alt=\"fotoa.jpg\" style=\"display: block; margin-left: auto; margin-right: auto;\" width=\"389\" height=\"450\" srcset=\"https:\/\/diarioregionaldigital.com.br\/wp-content\/uploads\/2018\/03\/diario-int-25042-1.jpg 389w, https:\/\/diarioregionaldigital.com.br\/wp-content\/uploads\/2018\/03\/diario-int-25042-1-259x300.jpg 259w, https:\/\/diarioregionaldigital.com.br\/wp-content\/uploads\/2018\/03\/diario-int-25042-1-360x416.jpg 360w\" sizes=\"auto, (max-width: 389px) 100vw, 389px\" \/>A 1\u00aa dama da by Candy Nayane Neto recebe nesta 4\u00aa feira, ao lado da irm\u00e3 Nayara Neto, para o lan\u00e7amento dos acess\u00f3rios finos com o tema P\u00farpura.<\/p>\n<p>&nbsp;<\/p>\n<p style=\"text-align: center;\"><img loading=\"lazy\" decoding=\"async\" class=\" size-full wp-image-93775\" src=\"http:\/\/diarioregionaljf.com.br\/wp-content\/uploads\/2018\/03\/diario-int-25042-2.JPG\" alt=\"fotob.JPG\" style=\"display: block; margin-left: auto; margin-right: auto;\" width=\"675\" height=\"450\" srcset=\"https:\/\/diarioregionaldigital.com.br\/wp-content\/uploads\/2018\/03\/diario-int-25042-2.JPG 675w, https:\/\/diarioregionaldigital.com.br\/wp-content\/uploads\/2018\/03\/diario-int-25042-2-300x200.jpg 300w, https:\/\/diarioregionaldigital.com.br\/wp-content\/uploads\/2018\/03\/diario-int-25042-2-360x240.jpg 360w\" sizes=\"auto, (max-width: 675px) 100vw, 675px\" \/>Na fervilhante noite do Pub\u2019s, Pedro Amorim, Eduardo Gomes e Pablo Machado<\/p>\n<p>&nbsp;<\/p>\n<p style=\"text-align: center;\"><img loading=\"lazy\" decoding=\"async\" class=\" size-full wp-image-93776\" src=\"http:\/\/diarioregionaljf.com.br\/wp-content\/uploads\/2018\/03\/diario-int-25042-3.jpg\" alt=\"fotoc.jpg\" style=\"display: block; margin-left: auto; margin-right: auto;\" width=\"600\" height=\"450\" srcset=\"https:\/\/diarioregionaldigital.com.br\/wp-content\/uploads\/2018\/03\/diario-int-25042-3.jpg 600w, https:\/\/diarioregionaldigital.com.br\/wp-content\/uploads\/2018\/03\/diario-int-25042-3-300x225.jpg 300w, https:\/\/diarioregionaldigital.com.br\/wp-content\/uploads\/2018\/03\/diario-int-25042-3-360x270.jpg 360w\" sizes=\"auto, (max-width: 600px) 100vw, 600px\" \/>Jovens antenados no coquetel de reabertura do Rocket Pub, o jornalista Talison Vardiero com o promoter Vitor Lima e Vanessa Lucchesi<\/p>\n<p>&nbsp;<\/p>\n<p style=\"text-align: center;\"><img loading=\"lazy\" decoding=\"async\" class=\" size-full wp-image-93777\" src=\"http:\/\/diarioregionaljf.com.br\/wp-content\/uploads\/2018\/03\/diario-int-25042-4.jpg\" alt=\"fotod.jpg\" style=\"display: block; margin-left: auto; margin-right: auto;\" width=\"450\" height=\"450\" srcset=\"https:\/\/diarioregionaldigital.com.br\/wp-content\/uploads\/2018\/03\/diario-int-25042-4.jpg 450w, https:\/\/diarioregionaldigital.com.br\/wp-content\/uploads\/2018\/03\/diario-int-25042-4-150x150.jpg 150w, https:\/\/diarioregionaldigital.com.br\/wp-content\/uploads\/2018\/03\/diario-int-25042-4-300x300.jpg 300w, https:\/\/diarioregionaldigital.com.br\/wp-content\/uploads\/2018\/03\/diario-int-25042-4-180x180.jpg 180w, https:\/\/diarioregionaldigital.com.br\/wp-content\/uploads\/2018\/03\/diario-int-25042-4-120x120.jpg 120w, https:\/\/diarioregionaldigital.com.br\/wp-content\/uploads\/2018\/03\/diario-int-25042-4-360x360.jpg 360w, https:\/\/diarioregionaldigital.com.br\/wp-content\/uploads\/2018\/03\/diario-int-25042-4-80x80.jpg 80w\" sizes=\"auto, (max-width: 450px) 100vw, 450px\" \/>Saulo Machado, em sua formatura em Artes &amp; Design pela UFJF, reuniu amigos no Espa\u00e7o Sirena com Felipe Carvalho, Sthefany Lima, Yago Navarro e Leonardo Alves<\/p>\n<p>&nbsp;<\/p>\n<p style=\"text-align: center;\"><img loading=\"lazy\" decoding=\"async\" class=\" size-full wp-image-93778\" src=\"http:\/\/diarioregionaljf.com.br\/wp-content\/uploads\/2018\/03\/diario-int-25042-5.jpg\" alt=\"fotoe.jpg\" style=\"display: block; margin-left: auto; margin-right: auto;\" width=\"680\" height=\"383\" srcset=\"https:\/\/diarioregionaldigital.com.br\/wp-content\/uploads\/2018\/03\/diario-int-25042-5.jpg 680w, https:\/\/diarioregionaldigital.com.br\/wp-content\/uploads\/2018\/03\/diario-int-25042-5-300x169.jpg 300w, https:\/\/diarioregionaldigital.com.br\/wp-content\/uploads\/2018\/03\/diario-int-25042-5-360x203.jpg 360w\" sizes=\"auto, (max-width: 680px) 100vw, 680px\" \/>Durante jantar, Carlos Guedes recebeu a not\u00edcia que ser\u00e1 enredo do Bloco Eu e Voc\u00ea no carnaval 2019 e comemorou com Z\u00e9 Kodak e Dona Dirce<\/p>\n<p>&nbsp;<\/p>\n<p style=\"text-align: center;\"><img loading=\"lazy\" decoding=\"async\" class=\" size-full wp-image-93779\" src=\"http:\/\/diarioregionaljf.com.br\/wp-content\/uploads\/2018\/03\/diario-int-25042-6.jpg\" alt=\"fotof.jpg\" style=\"display: block; margin-left: auto; margin-right: auto;\" width=\"450\" height=\"450\" srcset=\"https:\/\/diarioregionaldigital.com.br\/wp-content\/uploads\/2018\/03\/diario-int-25042-6.jpg 450w, https:\/\/diarioregionaldigital.com.br\/wp-content\/uploads\/2018\/03\/diario-int-25042-6-150x150.jpg 150w, https:\/\/diarioregionaldigital.com.br\/wp-content\/uploads\/2018\/03\/diario-int-25042-6-300x300.jpg 300w, https:\/\/diarioregionaldigital.com.br\/wp-content\/uploads\/2018\/03\/diario-int-25042-6-180x180.jpg 180w, https:\/\/diarioregionaldigital.com.br\/wp-content\/uploads\/2018\/03\/diario-int-25042-6-120x120.jpg 120w, https:\/\/diarioregionaldigital.com.br\/wp-content\/uploads\/2018\/03\/diario-int-25042-6-360x360.jpg 360w, https:\/\/diarioregionaldigital.com.br\/wp-content\/uploads\/2018\/03\/diario-int-25042-6-80x80.jpg 80w\" sizes=\"auto, (max-width: 450px) 100vw, 450px\" \/>Os irm\u00e3os Schimidt DJs DubDogs com a pantera Renata Hirschberg na Enseada Azul, em Guarapari<\/p>\n<p>&nbsp;<\/p>\n<p style=\"text-align: center;\"><img loading=\"lazy\" decoding=\"async\" class=\" size-full wp-image-93780\" src=\"http:\/\/diarioregionaljf.com.br\/wp-content\/uploads\/2018\/03\/diario-int-25042-7.jpg\" alt=\"fotog.jpg\" style=\"display: block; margin-left: auto; margin-right: auto;\" width=\"253\" height=\"450\" srcset=\"https:\/\/diarioregionaldigital.com.br\/wp-content\/uploads\/2018\/03\/diario-int-25042-7.jpg 253w, https:\/\/diarioregionaldigital.com.br\/wp-content\/uploads\/2018\/03\/diario-int-25042-7-169x300.jpg 169w\" sizes=\"auto, (max-width: 253px) 100vw, 253px\" \/>No Dia Internacional da Mulher, Jane Arag\u00e3o recebeu na Mesa de Debates da TVE, as gloriosas, D\u00e9bora Ricardo, Francele Galil, Isabela Teixeira, Neusa Bernardes, V\u00e2nia Piccinini Silva e Tenente PM Camila Oliveira Ferreira<\/p>\n<p>&nbsp;<\/p>\n<p style=\"text-align: center;\"><img loading=\"lazy\" decoding=\"async\" class=\" size-full wp-image-93781\" src=\"http:\/\/diarioregionaljf.com.br\/wp-content\/uploads\/2018\/03\/diario-int-25042-8.jpg\" alt=\"fotoh.jpg\" style=\"display: block; margin-left: auto; margin-right: auto;\" width=\"298\" height=\"450\" srcset=\"https:\/\/diarioregionaldigital.com.br\/wp-content\/uploads\/2018\/03\/diario-int-25042-8.jpg 298w, https:\/\/diarioregionaldigital.com.br\/wp-content\/uploads\/2018\/03\/diario-int-25042-8-199x300.jpg 199w\" sizes=\"auto, (max-width: 298px) 100vw, 298px\" \/>No coquetel de reabertura do Rocket Pub, os famosos, Taian Raphael e Eduardo Saleme<\/p>\n<p>&nbsp;<\/p>\n<p style=\"text-align: center;\"><img loading=\"lazy\" decoding=\"async\" class=\" size-full wp-image-93782\" src=\"http:\/\/diarioregionaljf.com.br\/wp-content\/uploads\/2018\/03\/diario-int-25042-9.jpg\" alt=\"fotoi.jpg\" style=\"display: block; margin-left: auto; margin-right: auto;\" width=\"679\" height=\"450\" srcset=\"https:\/\/diarioregionaldigital.com.br\/wp-content\/uploads\/2018\/03\/diario-int-25042-9.jpg 679w, https:\/\/diarioregionaldigital.com.br\/wp-content\/uploads\/2018\/03\/diario-int-25042-9-300x199.jpg 300w, https:\/\/diarioregionaldigital.com.br\/wp-content\/uploads\/2018\/03\/diario-int-25042-9-360x239.jpg 360w\" sizes=\"auto, (max-width: 679px) 100vw, 679px\" \/>O fot\u00f3grafo das estrelas e da m\u00eddia social, Jo\u00e3o Marcos, \u00e9 destaque hoje nesta p\u00e1gina<\/p>\n<hr \/>\n<h4 style=\"text-align: center;\">FOTOSS\u00cdNTESE<\/h4>\n<p>\u2022 Mait\u00ea Saint-Clair re\u00fane amigos hoje, \u00e0s 20h, no Bar Queens para festejar niver.<\/p>\n<p>\u2022 Em estilo requinte total a loja By Candy de acess\u00f3rios finos no Mister Shopping, 2\u00ba piso, lan\u00e7a com coquetel estrelado a partir das 15h, a Cole\u00e7\u00e3o P\u00farpura para ou- tono-inverno. Recebendo, as elegantes irm\u00e3s Nayane Neto e Nayara Neto. Hoje.<\/p>\n<p>\u2022 Para o dia 23, \u00e0s 19h, tem mais uma edi\u00e7\u00e3o do Caf\u00e9 Filos\u00f3fico com a palestra \u201cPrecisamos falar sobre viol\u00eancia dom\u00e9stica\u201d, dentro do m\u00eas internacional da mulher. Para o pl\u00e1 foi convocada a prof\u00aa Dr\u00aa Carolina Bezerra. Ser\u00e1 na Biblioteca Redentorista.<\/p>\n<p>\u2022 Mariane Ferreira Martins j\u00e1 est\u00e1 sob o c\u00e9u da Rep\u00fablica Tcheca. Ela inicia hoje os trabalhos na Brno University of Technology.<\/p>\n<p>\u2022 Para animar a galera, no dia 21 de abril, o cantor Nando Reis participa do Planeta Ibitipoca, no Alphaville Chal\u00e9s.<\/p>\n<p>\u2022 R\u00e9gis da Vila homenageou a ala feminina pelo Dia Internacional da Mulher no novo reduto do samba Madre de Deus, no Manoel Hon\u00f3rio. Dentre elas, Helenise Machado, Ivanir Ferreira e Patr\u00edcia Caniato.<\/p>\n<p>\u2022 Est\u00e1 deslumbrante a exposi\u00e7\u00e3o \u201cDe Claris Mulieribus\u201d do talentoso artista pl\u00e1stico Yure Mendes, no Shopping Jardim Norte. S\u00e3o sete esculturas de ferro com pintura automotiva acetinada e acabamento envelhecido. S\u00e3o homenageadas, as gloriosas, Eva P\u00e9ron, Frida Kahlo, Chiquinha Gonzaga, Maria da Penha, Chica da Silva, Madre Teresa de Calcut\u00e1 e as Oper\u00e1rias.<\/p>\n<p>\u2022 V\u00e2nia Salles agitou a Danceteria Danke Clube festejando idade nova. As mulheres tiveram entrada free e foram recebidas com ta\u00e7as de champanhe.<\/p>\n<p>\u2022 Muito carism\u00e1tica, a escritora Margareth Marinho autografou, na Biblioteca Municipal Murilo Mendes, a segunda edi\u00e7\u00e3o do livro \u201cA ti m\u00edope\u201d, relan\u00e7ado ap\u00f3s 12 anos da publica\u00e7\u00e3o original.<\/p>\n<p>\u2022 Para refletir: \u201cSua mente deve ser como a sua casa s\u00f3 entra quem foi convidado&#8230; Seja seletivo\u201d (Chico Xavier). Bom dia.<\/p>\n<p>&nbsp;<\/p>\n<p>&nbsp;<\/p>\n<p>&nbsp;<\/p>\n<p>&nbsp;<\/p>\n<p>&nbsp;<\/p>\n<p>&nbsp;<\/p>\n<p>&nbsp;<\/p>\n<p>&nbsp;<\/p>\n<p>&nbsp;<\/p>\n<p>&nbsp;<\/p>\n<p>&nbsp;<\/p>\n<p>&nbsp;<\/p>\n","protected":false},"excerpt":{"rendered":"<p>Din\u00e2mico e atuante, Renato Dantas assumiu a diretoria de esportes do Clube de Engenharia. Sua primeira miss\u00e3o ser\u00e1 coordenar o torneio de futebol society em comemora\u00e7\u00e3o aos 85 anos do clube, em maio. O convite foi do presidente Jo\u00e3o Carlos Navarro. L\u00c1 LONGE Sess\u00e3o flor de laranjeira movimentou a cidade de S\u00e3o Miguel dos Milagres, [&hellip;]<\/p>\n","protected":false},"author":96,"featured_media":93773,"comment_status":"closed","ping_status":"closed","sticky":false,"template":"","format":"standard","meta":{"footnotes":""},"categories":[264],"tags":[],"class_list":["post-93783","post","type-post","status-publish","format-standard","has-post-thumbnail","hentry","category-eduardo-gomes"],"_links":{"self":[{"href":"https:\/\/diarioregionaldigital.com.br\/index.php?rest_route=\/wp\/v2\/posts\/93783","targetHints":{"allow":["GET"]}}],"collection":[{"href":"https:\/\/diarioregionaldigital.com.br\/index.php?rest_route=\/wp\/v2\/posts"}],"about":[{"href":"https:\/\/diarioregionaldigital.com.br\/index.php?rest_route=\/wp\/v2\/types\/post"}],"author":[{"embeddable":true,"href":"https:\/\/diarioregionaldigital.com.br\/index.php?rest_route=\/wp\/v2\/users\/96"}],"replies":[{"embeddable":true,"href":"https:\/\/diarioregionaldigital.com.br\/index.php?rest_route=%2Fwp%2Fv2%2Fcomments&post=93783"}],"version-history":[{"count":0,"href":"https:\/\/diarioregionaldigital.com.br\/index.php?rest_route=\/wp\/v2\/posts\/93783\/revisions"}],"wp:featuredmedia":[{"embeddable":true,"href":"https:\/\/diarioregionaldigital.com.br\/index.php?rest_route=\/wp\/v2\/media\/93773"}],"wp:attachment":[{"href":"https:\/\/diarioregionaldigital.com.br\/index.php?rest_route=%2Fwp%2Fv2%2Fmedia&parent=93783"}],"wp:term":[{"taxonomy":"category","embeddable":true,"href":"https:\/\/diarioregionaldigital.com.br\/index.php?rest_route=%2Fwp%2Fv2%2Fcategories&post=93783"},{"taxonomy":"post_tag","embeddable":true,"href":"https:\/\/diarioregionaldigital.com.br\/index.php?rest_route=%2Fwp%2Fv2%2Ftags&post=93783"}],"curies":[{"name":"wp","href":"https:\/\/api.w.org\/{rel}","templated":true}]}}