{"id":93772,"date":"2018-03-13T23:18:41","date_gmt":"2018-03-14T02:18:41","guid":{"rendered":"http:\/\/diarioregionaljf.com.br\/2018\/03\/13\/vitimas-de-incendio-em-imoveis-na-floriano-peixoto-voltam-as-ruas-para-protestar\/"},"modified":"2018-03-13T23:18:41","modified_gmt":"2018-03-14T02:18:41","slug":"vitimas-de-incendio-em-imoveis-na-floriano-peixoto-voltam-as-ruas-para-protestar","status":"publish","type":"post","link":"https:\/\/diarioregionaldigital.com.br\/?p=93772","title":{"rendered":"V\u00edtimas de inc\u00eandio em im\u00f3veis na Floriano Peixoto voltam \u00e0s ruas para protestar"},"content":{"rendered":"<p>Moradores, v\u00edtimas de inc\u00eandio ocorrido na esquina da Avenida Get\u00falio Vargas com a Rua Floriano Peixoto, na regi\u00e3o central, em 2011, voltaram \u00e0s ruas na tarde dessa ter\u00e7a-feira, 13, para pressionar o juiz da 8\u00aa Vara C\u00edvel de Juiz de Fora, Sergio Murilo Pacelli, a definir a senten\u00e7a do processo requerido pelos residentes. Pouco tempo depois do incidente, eles entraram com a\u00e7\u00e3o por danos morais e materiais contra uma loja de artigos festivos e uma de artefatos de borracha, ambos os im\u00f3veis tamb\u00e9m foram atingidos pelo fogo na ocasi\u00e3o. Quase sete anos depois, os moradores ainda aguardam indeniza\u00e7\u00e3o. O ato foi realizado em frente ao Benjamin Colucci, no Parque Halfeld.<\/p>\n<p>\u201cA nossa situa\u00e7\u00e3o \u00e9 de pen\u00faria, piedade. O juiz n\u00e3o define a senten\u00e7a. Tudo isso era para ter sido resolvido no final do ano passado, quando foi realizada a audi\u00eancia, mas o julgamento n\u00e3o foi conclu\u00eddo, pois os peritos da Prefeitura e da Pol\u00edcia Civil n\u00e3o compareceram\u201d, afirma Jos\u00e9 Franco Valentim, um dos organizadores do manifesto. \u201cO processo est\u00e1 parado na sala do juiz. Estamos aguardando h\u00e1 muitos anos\u201d, acrescenta.<br \/>O morador tamb\u00e9m conta que na \u00e9poca teve grande preju\u00edzo. Tanto uma loja e quanto um apartamento de sua propriedade, foram atingidos pelo inc\u00eandio, desde ent\u00e3o, ele e sua m\u00e3e, de 70 anos, residem em um hotel. \u201cO propriet\u00e1rio do local me cobra um valor simb\u00f3lico para morar. Mesmo assim, ainda dependo da ajuda de familiares. Perdi tudo naquele dia, m\u00f3veis roupas, e todo o dinheiro que tinha na poupan\u00e7a foi aplicado para cobrir eventuais danos. Minha m\u00e3e precisou fazer empr\u00e9stimos para conseguir nos manter, mas ficou dif\u00edcil de pagar\u201d, conta.<\/p>\n<p>A reportagem entrou em contato com a assessoria da 8\u00aa Vara C\u00edvel que esclareceu \u201cque n\u00e3o pode se pronunciar sobre o m\u00e9rito do processo, uma vez que o mesmo se encontra em andamento. A assessoria tamb\u00e9m alega que a condu\u00e7\u00e3o do processo est\u00e1 rigorosamente em dia.<\/p>\n<p><strong>O INC\u00caNDIO<\/strong><\/p>\n<p>O inc\u00eandio ocorreu no dia 24 de outubro de 2011 e teria iniciado no estabelecimento de artigos para festas. Devido ao material armazenado pela loja, as chamas se espalharam, atingindo a loja de borrachas e outros tr\u00eas im\u00f3veis. N\u00e3o houve v\u00edtimas. Em mat\u00e9ria publicada pelo jornal, em setembro do ano passado, o tenente do Corpo de Bombeiros, Evandro da Silva explicou que \u201cHavia muito material combust\u00edvel e inflam\u00e1vel. Atuamos tentando concentrar as chamas em um local para que fossem extintas. Por\u00e9m, por algum motivo, o fogo tinha se alastrado e atingido o Castelo da Borracha. Solicitamos apoio para que o inc\u00eandio n\u00e3o se alastrasse mais\u201d, disse, na ocasi\u00e3o.<\/p>\n","protected":false},"excerpt":{"rendered":"<p>Moradores, v\u00edtimas de inc\u00eandio ocorrido na esquina da Avenida Get\u00falio Vargas com a Rua Floriano Peixoto, na regi\u00e3o central, em 2011, voltaram \u00e0s ruas na tarde dessa ter\u00e7a-feira, 13, para pressionar o juiz da 8\u00aa Vara C\u00edvel de Juiz de Fora, Sergio Murilo Pacelli, a definir a senten\u00e7a do processo requerido pelos residentes. Pouco tempo [&hellip;]<\/p>\n","protected":false},"author":96,"featured_media":0,"comment_status":"closed","ping_status":"closed","sticky":false,"template":"","format":"standard","meta":{"footnotes":""},"categories":[253],"tags":[],"class_list":["post-93772","post","type-post","status-publish","format-standard","hentry","category-cidade"],"_links":{"self":[{"href":"https:\/\/diarioregionaldigital.com.br\/index.php?rest_route=\/wp\/v2\/posts\/93772","targetHints":{"allow":["GET"]}}],"collection":[{"href":"https:\/\/diarioregionaldigital.com.br\/index.php?rest_route=\/wp\/v2\/posts"}],"about":[{"href":"https:\/\/diarioregionaldigital.com.br\/index.php?rest_route=\/wp\/v2\/types\/post"}],"author":[{"embeddable":true,"href":"https:\/\/diarioregionaldigital.com.br\/index.php?rest_route=\/wp\/v2\/users\/96"}],"replies":[{"embeddable":true,"href":"https:\/\/diarioregionaldigital.com.br\/index.php?rest_route=%2Fwp%2Fv2%2Fcomments&post=93772"}],"version-history":[{"count":0,"href":"https:\/\/diarioregionaldigital.com.br\/index.php?rest_route=\/wp\/v2\/posts\/93772\/revisions"}],"wp:attachment":[{"href":"https:\/\/diarioregionaldigital.com.br\/index.php?rest_route=%2Fwp%2Fv2%2Fmedia&parent=93772"}],"wp:term":[{"taxonomy":"category","embeddable":true,"href":"https:\/\/diarioregionaldigital.com.br\/index.php?rest_route=%2Fwp%2Fv2%2Fcategories&post=93772"},{"taxonomy":"post_tag","embeddable":true,"href":"https:\/\/diarioregionaldigital.com.br\/index.php?rest_route=%2Fwp%2Fv2%2Ftags&post=93772"}],"curies":[{"name":"wp","href":"https:\/\/api.w.org\/{rel}","templated":true}]}}