{"id":93771,"date":"2018-03-13T23:03:53","date_gmt":"2018-03-14T02:03:53","guid":{"rendered":"http:\/\/diarioregionaljf.com.br\/2018\/03\/13\/chuvas-deverao-diminuir-em-juiz-de-fora-e-regiao-ao-longo-dos-proximos-dias\/"},"modified":"2018-03-13T23:03:53","modified_gmt":"2018-03-14T02:03:53","slug":"chuvas-deverao-diminuir-em-juiz-de-fora-e-regiao-ao-longo-dos-proximos-dias","status":"publish","type":"post","link":"https:\/\/diarioregionaldigital.com.br\/?p=93771","title":{"rendered":"Chuvas dever\u00e3o diminuir em Juiz de Fora e regi\u00e3o ao longo dos pr\u00f3ximos dias"},"content":{"rendered":"<p>Ap\u00f3s um final de semana chuvoso e com diversas ocorr\u00eancias de alagamentos e deslizamentos, Juiz de Fora e regi\u00e3o podem esperar por um clima mais firme e com redu\u00e7\u00e3o das chuvas. As informa\u00e7\u00f5es foram confirmadas pelo meteorologista do 5\u00ba Distrito do Instituto Nacional de Meteorologia (Inmet), Luiz Ladeia.<\/p>\n<p>A perspectiva \u00e9 de que nos pr\u00f3ximos dias ocorra uma diminui\u00e7\u00e3o de atividade nas \u00e1reas de instabilidade sobre a regi\u00e3o Sudeste. Luiz explica que \u201cdurante o \u00faltimo m\u00eas um grande fluxo de umidade vinda da bacia amaz\u00f4nica alimentou os \u00edndices de umidade de Minas em fun\u00e7\u00e3o da eleva\u00e7\u00e3o das temperaturas. Esse fluxo come\u00e7a a perder for\u00e7a e com isso a expectativa \u00e9 de que as chuvas reduzam.\u201d conclui.<\/p>\n<p>Nesta semana, por exemplo, at\u00e9 quinta-feira, 15, n\u00e3o s\u00e3o esperadas precipita\u00e7\u00f5es e o c\u00e9u ficar\u00e1 nublado ou parcialmente nublado. As temperaturas poder\u00e3o variar entre m\u00ednimas de 18\u00b0C e m\u00e1ximas de 29\u00b0C.<\/p>\n<p>A partir da sexta-feira, 16, e durante o final de semana podem ocorrer chuvas isoladas, devido a presen\u00e7a de umidade, que apesar de diminuir, ainda permanece na atmosfera da regi\u00e3o. Entretanto, Ladeia ressalta que \u201cas chuvas que poder\u00e3o ocorrer ser\u00e3o mais fracas e pontuais e que, al\u00e9m disso, ao longo dos dias pode ser aguardado sol entre nuvens\u201d.<\/p>\n<p>Uma mudan\u00e7a mais significativa no clima poder\u00e1 ser observada a partir do dia 20 de mar\u00e7o quando as temperaturas em Juiz de fora e regi\u00e3o come\u00e7ar\u00e3o a cair durante as madrugadas. O fato ocorrer\u00e1 devido a circula\u00e7\u00e3o de massas de ar frio, uma redu\u00e7\u00e3o maior na umidade e nas chuvas, al\u00e9m do in\u00edcio do outono.<\/p>\n<hr \/>\n<p>&nbsp;<\/p>\n","protected":false},"excerpt":{"rendered":"<p>Ap\u00f3s um final de semana chuvoso e com diversas ocorr\u00eancias de alagamentos e deslizamentos, Juiz de Fora e regi\u00e3o podem esperar por um clima mais firme e com redu\u00e7\u00e3o das chuvas. As informa\u00e7\u00f5es foram confirmadas pelo meteorologista do 5\u00ba Distrito do Instituto Nacional de Meteorologia (Inmet), Luiz Ladeia. A perspectiva \u00e9 de que nos pr\u00f3ximos [&hellip;]<\/p>\n","protected":false},"author":96,"featured_media":93770,"comment_status":"closed","ping_status":"closed","sticky":false,"template":"","format":"standard","meta":{"footnotes":""},"categories":[253],"tags":[],"class_list":["post-93771","post","type-post","status-publish","format-standard","has-post-thumbnail","hentry","category-cidade"],"_links":{"self":[{"href":"https:\/\/diarioregionaldigital.com.br\/index.php?rest_route=\/wp\/v2\/posts\/93771","targetHints":{"allow":["GET"]}}],"collection":[{"href":"https:\/\/diarioregionaldigital.com.br\/index.php?rest_route=\/wp\/v2\/posts"}],"about":[{"href":"https:\/\/diarioregionaldigital.com.br\/index.php?rest_route=\/wp\/v2\/types\/post"}],"author":[{"embeddable":true,"href":"https:\/\/diarioregionaldigital.com.br\/index.php?rest_route=\/wp\/v2\/users\/96"}],"replies":[{"embeddable":true,"href":"https:\/\/diarioregionaldigital.com.br\/index.php?rest_route=%2Fwp%2Fv2%2Fcomments&post=93771"}],"version-history":[{"count":0,"href":"https:\/\/diarioregionaldigital.com.br\/index.php?rest_route=\/wp\/v2\/posts\/93771\/revisions"}],"wp:featuredmedia":[{"embeddable":true,"href":"https:\/\/diarioregionaldigital.com.br\/index.php?rest_route=\/wp\/v2\/media\/93770"}],"wp:attachment":[{"href":"https:\/\/diarioregionaldigital.com.br\/index.php?rest_route=%2Fwp%2Fv2%2Fmedia&parent=93771"}],"wp:term":[{"taxonomy":"category","embeddable":true,"href":"https:\/\/diarioregionaldigital.com.br\/index.php?rest_route=%2Fwp%2Fv2%2Fcategories&post=93771"},{"taxonomy":"post_tag","embeddable":true,"href":"https:\/\/diarioregionaldigital.com.br\/index.php?rest_route=%2Fwp%2Fv2%2Ftags&post=93771"}],"curies":[{"name":"wp","href":"https:\/\/api.w.org\/{rel}","templated":true}]}}