{"id":93769,"date":"2018-03-13T22:24:44","date_gmt":"2018-03-14T01:24:44","guid":{"rendered":"http:\/\/diarioregionaljf.com.br\/2018\/03\/13\/indicador-aponta-pessimismo-do-consumidor-brasileiro-com-a-economia\/"},"modified":"2018-03-13T22:24:44","modified_gmt":"2018-03-14T01:24:44","slug":"indicador-aponta-pessimismo-do-consumidor-brasileiro-com-a-economia","status":"publish","type":"post","link":"https:\/\/diarioregionaldigital.com.br\/?p=93769","title":{"rendered":"Indicador aponta pessimismo do consumidor brasileiro com a economia"},"content":{"rendered":"<p>O consumidor brasileiro ainda est\u00e1 pessimista com a economia, segundo o Indicador de Confian\u00e7a do Consumidor, divulgado hoje, 13, pelo Servi\u00e7o de Prote\u00e7\u00e3o ao Cr\u00e9dito (SPC Brasil) e pela Confedera\u00e7\u00e3o Nacional dos Dirigentes Lojistas (CNDL). O indicador somou 42,8 pontos em fevereiro, valor acima do observado em igual per\u00edodo do ano passado (41,4 pontos), mas ainda abaixo dos 50 pontos, o que indica pessimismo. Entre 50 e 100 pontos o indicador passa a indicar otimismo com a economia.<\/p>\n<p>O \u00edndice tem dois componentes: o indicador de condi\u00e7\u00f5es atuais, que mostra o cen\u00e1rio atual da economia e que alcan\u00e7ou 32,4 pontos em fevereiro; e o de expectativas que avalia o que os consumidores esperam para os pr\u00f3ximos meses e que somou 53,2 pontos.<\/p>\n<p>Segundo os dados, 74% dos brasileiros avaliam a situa\u00e7\u00e3o atual econ\u00f4mica como ruim, enquanto apenas 4% a consideram \u00f3tima ou boa. Entre os que fazem uma avalia\u00e7\u00e3o negativa da economia, a maior parte cita o desemprego como principal raz\u00e3o para isso (64%), seguido pelos pre\u00e7os altos (60%) e as elevadas taxas de juros (38%).<\/p>\n<p>\u201cA consolida\u00e7\u00e3o da volta da confian\u00e7a \u00e9 uma condi\u00e7\u00e3o necess\u00e1ria para a retomada do consumo das fam\u00edlias e dos investimentos entre os empres\u00e1rios, mas isso depender\u00e1, fundamentalmente, do aumento de vagas de emprego e ganhos reais de renda, depois de um longo per\u00edodo de queda\u201d, disse o presidente da CNDL, Jos\u00e9 Cesar da Costa.<\/p>\n<p>Entre os 39% dos entrevistados que est\u00e3o pessimistas com o futuro da economia, 66% apontam a corrup\u00e7\u00e3o como um dos principais fatores que atrapalham o desempenho do pa\u00eds, seguido pelo desemprego (mencionado por 46%) e a infla\u00e7\u00e3o fora do controle (32%). J\u00e1 entre os 22% de otimistas, mais da metade (51%) n\u00e3o sabem justificar suas raz\u00f5es, enquanto 24% atribuem isso ao fato de que as pessoas est\u00e3o consumindo mais e 22% apontam que o desemprego est\u00e1 caindo.<\/p>\n<p>Dos 801 consumidores entrevistados, 48% apontaram que o custo de vida \u00e9 o que mais tem pesado na vida financeira familiar, enquanto 21% citaram o desemprego.<\/p>\n<hr \/>\n<p>&nbsp;Fonte: Ag\u00eancia Brasil<\/p>\n","protected":false},"excerpt":{"rendered":"<p>O consumidor brasileiro ainda est\u00e1 pessimista com a economia, segundo o Indicador de Confian\u00e7a do Consumidor, divulgado hoje, 13, pelo Servi\u00e7o de Prote\u00e7\u00e3o ao Cr\u00e9dito (SPC Brasil) e pela Confedera\u00e7\u00e3o Nacional dos Dirigentes Lojistas (CNDL). O indicador somou 42,8 pontos em fevereiro, valor acima do observado em igual per\u00edodo do ano passado (41,4 pontos), mas [&hellip;]<\/p>\n","protected":false},"author":96,"featured_media":93768,"comment_status":"closed","ping_status":"closed","sticky":false,"template":"","format":"standard","meta":{"footnotes":""},"categories":[261],"tags":[],"class_list":["post-93769","post","type-post","status-publish","format-standard","has-post-thumbnail","hentry","category-economia"],"_links":{"self":[{"href":"https:\/\/diarioregionaldigital.com.br\/index.php?rest_route=\/wp\/v2\/posts\/93769","targetHints":{"allow":["GET"]}}],"collection":[{"href":"https:\/\/diarioregionaldigital.com.br\/index.php?rest_route=\/wp\/v2\/posts"}],"about":[{"href":"https:\/\/diarioregionaldigital.com.br\/index.php?rest_route=\/wp\/v2\/types\/post"}],"author":[{"embeddable":true,"href":"https:\/\/diarioregionaldigital.com.br\/index.php?rest_route=\/wp\/v2\/users\/96"}],"replies":[{"embeddable":true,"href":"https:\/\/diarioregionaldigital.com.br\/index.php?rest_route=%2Fwp%2Fv2%2Fcomments&post=93769"}],"version-history":[{"count":0,"href":"https:\/\/diarioregionaldigital.com.br\/index.php?rest_route=\/wp\/v2\/posts\/93769\/revisions"}],"wp:featuredmedia":[{"embeddable":true,"href":"https:\/\/diarioregionaldigital.com.br\/index.php?rest_route=\/wp\/v2\/media\/93768"}],"wp:attachment":[{"href":"https:\/\/diarioregionaldigital.com.br\/index.php?rest_route=%2Fwp%2Fv2%2Fmedia&parent=93769"}],"wp:term":[{"taxonomy":"category","embeddable":true,"href":"https:\/\/diarioregionaldigital.com.br\/index.php?rest_route=%2Fwp%2Fv2%2Fcategories&post=93769"},{"taxonomy":"post_tag","embeddable":true,"href":"https:\/\/diarioregionaldigital.com.br\/index.php?rest_route=%2Fwp%2Fv2%2Ftags&post=93769"}],"curies":[{"name":"wp","href":"https:\/\/api.w.org\/{rel}","templated":true}]}}