{"id":93767,"date":"2018-03-13T22:22:12","date_gmt":"2018-03-14T01:22:12","guid":{"rendered":"http:\/\/diarioregionaljf.com.br\/2018\/03\/13\/valor-da-producao-agropecuaria-brasileira-deve-ter-queda-de-5-2-em-2018\/"},"modified":"2018-03-13T22:22:12","modified_gmt":"2018-03-14T01:22:12","slug":"valor-da-producao-agropecuaria-brasileira-deve-ter-queda-de-5-2-em-2018","status":"publish","type":"post","link":"https:\/\/diarioregionaldigital.com.br\/?p=93767","title":{"rendered":"Valor da produ\u00e7\u00e3o agropecu\u00e1ria brasileira deve ter queda de 5,2% em 2018"},"content":{"rendered":"<p>A estimativa para o valor da produ\u00e7\u00e3o agropecu\u00e1ria brasileira (VBP, na sigla utilizada) de 2018 est\u00e1 em R$ 515,9 bilh\u00f5es. A proje\u00e7\u00e3o foi divulgada pelo Minist\u00e9rio da Agricultura, Pecu\u00e1ria e Abastecimento hoje, 13. O total \u00e9 5,2% menor do que o registrado em 2017, consolidado em R$544,2 bilh\u00f5es.<\/p>\n<p>No detalhamento por segmentos, o valor das lavouras deve fechar o ano em R$346,1 bilh\u00f5es, 5,7% abaixo do desempenho do ano passado. J\u00e1 a estimativa de VBP para a agropecu\u00e1ria \u00e9 de R$169,8 bilh\u00f5es, 4,1% menor do que o consolidado de 2017.<\/p>\n<p>Se considerados os produtos das lavouras, nove v\u00eam seguindo a tend\u00eancia de redu\u00e7\u00e3o do valor, como arroz, cana-de-a\u00e7\u00facar, feij\u00e3o, milho, laranja e uva. J\u00e1 oito apresentam aumento de faturamento, entre os quais algod\u00e3o, batata, cacau, caf\u00e9, soja, tomate e trigo.<\/p>\n<p>J\u00e1 na produ\u00e7\u00e3o agropecu\u00e1ria, a queda projetada de 4,1% no faturamento se deve, principalmente, ao desempenho pior do frango, da carne su\u00edna, de leite e de ovos. A diminui\u00e7\u00e3o do pre\u00e7o de aves j\u00e1 vem de um processo de mais de dois anos, segundo o minist\u00e9rio.<\/p>\n<p>Entre as regi\u00f5es, o Centro-Oeste ocupa a lideran\u00e7a do ranking do VBP, seguido de Sul, Sudeste, Nordeste e Norte. At\u00e9 2017, o Sul ocupava a primeira coloca\u00e7\u00e3o. Entre os estados, o melhor desempenho est\u00e1, at\u00e9 o momento, com Mato Grosso, superando o l\u00edder at\u00e9 ent\u00e3o, S\u00e3o Paulo.<\/p>\n<hr \/>\n<p>&nbsp;Fonte: Ag\u00eancia Brasil<\/p>\n","protected":false},"excerpt":{"rendered":"<p>A estimativa para o valor da produ\u00e7\u00e3o agropecu\u00e1ria brasileira (VBP, na sigla utilizada) de 2018 est\u00e1 em R$ 515,9 bilh\u00f5es. A proje\u00e7\u00e3o foi divulgada pelo Minist\u00e9rio da Agricultura, Pecu\u00e1ria e Abastecimento hoje, 13. O total \u00e9 5,2% menor do que o registrado em 2017, consolidado em R$544,2 bilh\u00f5es. No detalhamento por segmentos, o valor das [&hellip;]<\/p>\n","protected":false},"author":96,"featured_media":93766,"comment_status":"closed","ping_status":"closed","sticky":false,"template":"","format":"standard","meta":{"footnotes":""},"categories":[261],"tags":[],"class_list":["post-93767","post","type-post","status-publish","format-standard","has-post-thumbnail","hentry","category-economia"],"_links":{"self":[{"href":"https:\/\/diarioregionaldigital.com.br\/index.php?rest_route=\/wp\/v2\/posts\/93767","targetHints":{"allow":["GET"]}}],"collection":[{"href":"https:\/\/diarioregionaldigital.com.br\/index.php?rest_route=\/wp\/v2\/posts"}],"about":[{"href":"https:\/\/diarioregionaldigital.com.br\/index.php?rest_route=\/wp\/v2\/types\/post"}],"author":[{"embeddable":true,"href":"https:\/\/diarioregionaldigital.com.br\/index.php?rest_route=\/wp\/v2\/users\/96"}],"replies":[{"embeddable":true,"href":"https:\/\/diarioregionaldigital.com.br\/index.php?rest_route=%2Fwp%2Fv2%2Fcomments&post=93767"}],"version-history":[{"count":0,"href":"https:\/\/diarioregionaldigital.com.br\/index.php?rest_route=\/wp\/v2\/posts\/93767\/revisions"}],"wp:featuredmedia":[{"embeddable":true,"href":"https:\/\/diarioregionaldigital.com.br\/index.php?rest_route=\/wp\/v2\/media\/93766"}],"wp:attachment":[{"href":"https:\/\/diarioregionaldigital.com.br\/index.php?rest_route=%2Fwp%2Fv2%2Fmedia&parent=93767"}],"wp:term":[{"taxonomy":"category","embeddable":true,"href":"https:\/\/diarioregionaldigital.com.br\/index.php?rest_route=%2Fwp%2Fv2%2Fcategories&post=93767"},{"taxonomy":"post_tag","embeddable":true,"href":"https:\/\/diarioregionaldigital.com.br\/index.php?rest_route=%2Fwp%2Fv2%2Ftags&post=93767"}],"curies":[{"name":"wp","href":"https:\/\/api.w.org\/{rel}","templated":true}]}}