{"id":93761,"date":"2018-03-13T22:10:32","date_gmt":"2018-03-14T01:10:32","guid":{"rendered":"http:\/\/diarioregionaljf.com.br\/2018\/03\/13\/abono-do-pis-comeca-a-ser-pago-para-os-nascidos-em-maio-e-junho\/"},"modified":"2018-03-13T22:10:32","modified_gmt":"2018-03-14T01:10:32","slug":"abono-do-pis-comeca-a-ser-pago-para-os-nascidos-em-maio-e-junho","status":"publish","type":"post","link":"https:\/\/diarioregionaldigital.com.br\/?p=93761","title":{"rendered":"Abono do PIS come\u00e7a a ser pago para os nascidos em maio e junho"},"content":{"rendered":"<p>A CAIXA inicia nesta quinta-feira, 15, o pagamento do Abono Salarial (PIS &#8211; Programa de Integra\u00e7\u00e3o Social) calend\u00e1rio 2017\/2018, ano-base 2016 para os trabalhadores nascidos nos meses de maio e junho. Os valores variam de R$80 a R$954 conforme o tempo de trabalho em 2016. Os titulares de conta individual na CAIXA com saldo acima de R$1,00 e movimenta\u00e7\u00e3o recebem o cr\u00e9dito autom\u00e1tico a partir dessa ter\u00e7a-feira, 13.<\/p>\n<p>Os pagamentos s\u00e3o realizados conforme o m\u00eas de nascimento do trabalhador, e tiveram in\u00edcio em julho, com os nascidos naquele m\u00eas. Os recursos de todos benefici\u00e1rios ficam dispon\u00edveis at\u00e9 29 de junho de 2018. Os nascidos em maio e junho s\u00e3o os \u00faltimos a sacar conforme o calend\u00e1rio escalonado.<\/p>\n<p>A CAIXA disponibiliza R$15,7 bilh\u00f5es para 22,1 milh\u00f5es de benefici\u00e1rios em todo o calend\u00e1rio. Para os nascidos em maio e junho, est\u00e3o dispon\u00edveis R$2.700.574.929,00 para 3.789.981 de trabalhadores. O valor do benef\u00edcio pode ser consultado no Aplicativo CAIXA Trabalhador, no site da CAIXA (www.caixa.gov.br\/PIS) ou pelo Atendimento CAIXA ao Cidad\u00e3o: 0800 726 0207.<\/p>\n<p>Tem direito ao benef\u00edcio o trabalhador inscrito no Programa de Integra\u00e7\u00e3o Social (PIS) ou no Programa de Forma\u00e7\u00e3o do Patrim\u00f4nio do Servidor P\u00fablico (PASEP) h\u00e1 pelo menos cinco anos e que tenha trabalhado formalmente por pelo menos 30 dias em 2016 com remunera\u00e7\u00e3o mensal m\u00e9dia de at\u00e9 dois sal\u00e1rios m\u00ednimos. Tamb\u00e9m \u00e9 necess\u00e1rio que os dados estejam corretamente informados pelo empregador na Rela\u00e7\u00e3o Anual de Informa\u00e7\u00f5es Sociais (RAIS), ano-base 2016.<\/p>\n<p>Quem possui o Cart\u00e3o do Cidad\u00e3o e senha cadastrada pode se dirigir a uma casa lot\u00e9rica, a um ponto de atendimento CAIXA Aqui ou aos terminais de autoatendimento da CAIXA. Caso n\u00e3o tenha o Cart\u00e3o do Cidad\u00e3o e n\u00e3o tenha recebido automaticamente em conta CAIXA, o valor pode ser retirado em qualquer ag\u00eancia da CAIXA, apresentando o documento de identifica\u00e7\u00e3o. O trabalhador com v\u00ednculo a empresa p\u00fablica possui inscri\u00e7\u00e3o PASEP e recebe o pagamento pelo Banco do Brasil.<\/p>\n<p style=\"text-align: center;\"><strong>CONFIRA O CALEND\u00c1RIO COMPLETO<\/strong><\/p>\n<p><img decoding=\"async\" src=\"images\/diario\/2018\/03_Marco\/14\/economia\/01.png\" alt=\"01.png\" style=\"display: block; margin-left: auto; margin-right: auto;\" \/><\/p>\n<p>&nbsp;<\/p>\n<hr \/>\n<p>&nbsp;Fonte: Assessoria<\/p>\n","protected":false},"excerpt":{"rendered":"<p>A CAIXA inicia nesta quinta-feira, 15, o pagamento do Abono Salarial (PIS &#8211; Programa de Integra\u00e7\u00e3o Social) calend\u00e1rio 2017\/2018, ano-base 2016 para os trabalhadores nascidos nos meses de maio e junho. Os valores variam de R$80 a R$954 conforme o tempo de trabalho em 2016. Os titulares de conta individual na CAIXA com saldo acima [&hellip;]<\/p>\n","protected":false},"author":96,"featured_media":93760,"comment_status":"closed","ping_status":"closed","sticky":false,"template":"","format":"standard","meta":{"footnotes":""},"categories":[261],"tags":[],"class_list":["post-93761","post","type-post","status-publish","format-standard","has-post-thumbnail","hentry","category-economia"],"_links":{"self":[{"href":"https:\/\/diarioregionaldigital.com.br\/index.php?rest_route=\/wp\/v2\/posts\/93761","targetHints":{"allow":["GET"]}}],"collection":[{"href":"https:\/\/diarioregionaldigital.com.br\/index.php?rest_route=\/wp\/v2\/posts"}],"about":[{"href":"https:\/\/diarioregionaldigital.com.br\/index.php?rest_route=\/wp\/v2\/types\/post"}],"author":[{"embeddable":true,"href":"https:\/\/diarioregionaldigital.com.br\/index.php?rest_route=\/wp\/v2\/users\/96"}],"replies":[{"embeddable":true,"href":"https:\/\/diarioregionaldigital.com.br\/index.php?rest_route=%2Fwp%2Fv2%2Fcomments&post=93761"}],"version-history":[{"count":0,"href":"https:\/\/diarioregionaldigital.com.br\/index.php?rest_route=\/wp\/v2\/posts\/93761\/revisions"}],"wp:featuredmedia":[{"embeddable":true,"href":"https:\/\/diarioregionaldigital.com.br\/index.php?rest_route=\/wp\/v2\/media\/93760"}],"wp:attachment":[{"href":"https:\/\/diarioregionaldigital.com.br\/index.php?rest_route=%2Fwp%2Fv2%2Fmedia&parent=93761"}],"wp:term":[{"taxonomy":"category","embeddable":true,"href":"https:\/\/diarioregionaldigital.com.br\/index.php?rest_route=%2Fwp%2Fv2%2Fcategories&post=93761"},{"taxonomy":"post_tag","embeddable":true,"href":"https:\/\/diarioregionaldigital.com.br\/index.php?rest_route=%2Fwp%2Fv2%2Ftags&post=93761"}],"curies":[{"name":"wp","href":"https:\/\/api.w.org\/{rel}","templated":true}]}}