{"id":93759,"date":"2018-03-13T21:27:09","date_gmt":"2018-03-14T00:27:09","guid":{"rendered":"http:\/\/diarioregionaljf.com.br\/2018\/03\/13\/settra-divulga-recursos-julgados-na-biometria-facial-no-transporte-coletivo\/"},"modified":"2018-03-13T21:27:09","modified_gmt":"2018-03-14T00:27:09","slug":"settra-divulga-recursos-julgados-na-biometria-facial-no-transporte-coletivo","status":"publish","type":"post","link":"https:\/\/diarioregionaldigital.com.br\/?p=93759","title":{"rendered":"Settra divulga recursos julgados na biometria facial no transporte coletivo"},"content":{"rendered":"<p>A Secretaria de Transporte e Tr\u00e2nsito (Settra) da Prefeitura de Juiz de Fora (PJF) divulgou nessa ter\u00e7a-feira, 13, mais dois editais com recursos julgados de usu\u00e1rios de transporte coletivo que tiveram cart\u00e3o de gratuidade bloqueado. Com estes, chega a tr\u00eas o total de publica\u00e7\u00f5es de decis\u00f5es da Comiss\u00e3o Multidisciplinar (CM). Doze recursos foram aceitos e as pessoas ter\u00e3o os cart\u00f5es desbloqueados. Para conhecer os resultados dos julgamentos, as pessoas devem acessar exclusivamente o Atos do Governo, dispon\u00edvel no site da PJF.&nbsp;<\/p>\n<p>A biometria facial nos \u00f4nibus torna poss\u00edvel a melhoria na fiscaliza\u00e7\u00e3o da utiliza\u00e7\u00e3o dos cart\u00f5es de gratuidade, garantindo o benef\u00edcio a quem realmente tem direito. At\u00e9 agora chegaram \u00e0 Settra 198 recursos, dos 630 bloqueios ocorridos. Todos j\u00e1 foram julgados.<\/p>\n<p>A gerente do Departamento de Transporte P\u00fablico, Andrea Santos, ressaltou que o maior n\u00famero de ocorr\u00eancias \u00e9 referente \u00e0 categoria \u201cEspecial\u201d, seguido da de \u201cIdosos\u201d. Ela refor\u00e7ou a import\u00e2ncia de utilizar o cart\u00e3o de maneira correta e seguir os procedimentos estabelecidos para cada categoria. \u201cEm algumas situa\u00e7\u00f5es, as m\u00e3es n\u00e3o est\u00e3o levando a crian\u00e7a no colo, o que pode ser caracterizado como irregular. As pessoas com defici\u00eancia tamb\u00e9m devem seguir as orienta\u00e7\u00f5es.\u201d<\/p>\n<h4>&nbsp;<\/h4>\n<h4>COMO PROCEDER<\/h4>\n<p>A pessoa com defici\u00eancia, que utiliza o bilhete PCD, mesmo sem passar na roleta, deve aproximar o cart\u00e3o do validador para a captura da imagem. No caso do deficiente que estiver acompanhado, ele deve ser o primeiro a passar, para n\u00e3o ter o benef\u00edcio cancelado. Crian\u00e7as com direito \u00e0 gratuidade devem ser levadas ao colo, para tamb\u00e9m ser identificadas pelo sistema de reconhecimento facial.<\/p>\n<h4>&nbsp;<\/h4>\n<h4>BIOMETRIA FACIAL<\/h4>\n<p>O usu\u00e1rio valida a entrada no \u00f4nibus e tem sua imagem capturada e comparada com a do cadastro. Caso seja constada irregularidade, o cart\u00e3o \u00e9 bloqueado por 30 dias. Em eventual reincid\u00eancia, 180.<\/p>\n<p>Por conta do impedimento, o titular do benef\u00edcio dever\u00e1 comparecer ao Cons\u00f3rcios Integrados de Transporte Coletivo (Cinturb), na Rua Espirito Santo, n\u00ba296, para ter ci\u00eancia dos motivos, bem como sobre o prazo de cinco dias \u00fateis para entrar com recurso. Nos casos de n\u00e3o comparecimento, a notifica\u00e7\u00e3o ser\u00e1 feita por meio de publica\u00e7\u00e3o de edital no Di\u00e1rio Oficial do Munic\u00edpio, tamb\u00e9m com o prazo de cinco dias para a contraposi\u00e7\u00e3o.<\/p>\n<p>Fonte: Assessoria<\/p>\n","protected":false},"excerpt":{"rendered":"<p>A Secretaria de Transporte e Tr\u00e2nsito (Settra) da Prefeitura de Juiz de Fora (PJF) divulgou nessa ter\u00e7a-feira, 13, mais dois editais com recursos julgados de usu\u00e1rios de transporte coletivo que tiveram cart\u00e3o de gratuidade bloqueado. Com estes, chega a tr\u00eas o total de publica\u00e7\u00f5es de decis\u00f5es da Comiss\u00e3o Multidisciplinar (CM). Doze recursos foram aceitos e [&hellip;]<\/p>\n","protected":false},"author":96,"featured_media":93758,"comment_status":"closed","ping_status":"closed","sticky":false,"template":"","format":"standard","meta":{"footnotes":""},"categories":[253],"tags":[],"class_list":["post-93759","post","type-post","status-publish","format-standard","has-post-thumbnail","hentry","category-cidade"],"_links":{"self":[{"href":"https:\/\/diarioregionaldigital.com.br\/index.php?rest_route=\/wp\/v2\/posts\/93759","targetHints":{"allow":["GET"]}}],"collection":[{"href":"https:\/\/diarioregionaldigital.com.br\/index.php?rest_route=\/wp\/v2\/posts"}],"about":[{"href":"https:\/\/diarioregionaldigital.com.br\/index.php?rest_route=\/wp\/v2\/types\/post"}],"author":[{"embeddable":true,"href":"https:\/\/diarioregionaldigital.com.br\/index.php?rest_route=\/wp\/v2\/users\/96"}],"replies":[{"embeddable":true,"href":"https:\/\/diarioregionaldigital.com.br\/index.php?rest_route=%2Fwp%2Fv2%2Fcomments&post=93759"}],"version-history":[{"count":0,"href":"https:\/\/diarioregionaldigital.com.br\/index.php?rest_route=\/wp\/v2\/posts\/93759\/revisions"}],"wp:featuredmedia":[{"embeddable":true,"href":"https:\/\/diarioregionaldigital.com.br\/index.php?rest_route=\/wp\/v2\/media\/93758"}],"wp:attachment":[{"href":"https:\/\/diarioregionaldigital.com.br\/index.php?rest_route=%2Fwp%2Fv2%2Fmedia&parent=93759"}],"wp:term":[{"taxonomy":"category","embeddable":true,"href":"https:\/\/diarioregionaldigital.com.br\/index.php?rest_route=%2Fwp%2Fv2%2Fcategories&post=93759"},{"taxonomy":"post_tag","embeddable":true,"href":"https:\/\/diarioregionaldigital.com.br\/index.php?rest_route=%2Fwp%2Fv2%2Ftags&post=93759"}],"curies":[{"name":"wp","href":"https:\/\/api.w.org\/{rel}","templated":true}]}}