{"id":93757,"date":"2018-03-13T21:11:59","date_gmt":"2018-03-14T00:11:59","guid":{"rendered":"http:\/\/diarioregionaljf.com.br\/2018\/03\/13\/alianca-do-mdb-com-o-pt-ao-governo-do-estado-leva-rodrigo-pacheco-a-se-desfiliar-do-partido\/"},"modified":"2018-03-13T21:11:59","modified_gmt":"2018-03-14T00:11:59","slug":"alianca-do-mdb-com-o-pt-ao-governo-do-estado-leva-rodrigo-pacheco-a-se-desfiliar-do-partido","status":"publish","type":"post","link":"https:\/\/diarioregionaldigital.com.br\/?p=93757","title":{"rendered":"Alian\u00e7a do MDB com o PT ao governo do Estado leva Rodrigo Pacheco a se desfiliar do partido"},"content":{"rendered":"<p>O deputado federal Rodrigo Pacheco vai se filiar ao Democratas (DEM) em solenidade na pr\u00f3xima segunda-feira, 19, em Belo Horizonte. Pelo partido, Pacheco se mant\u00e9m como pr\u00e9-candidato a governador do estado de Minas Gerais. Em comunicado, que confirma a sua desfilia\u00e7\u00e3o do MDB, o parlamentar afirma que \u201cprevaleceram outras for\u00e7as do partido, que levar\u00e3o \u00e0 reedi\u00e7\u00e3o da equivocada alian\u00e7a com o PT na elei\u00e7\u00e3o desse ano\u201d.<\/p>\n<h4>CONFIRA NA INTEGRA O COMUNICADO<\/h4>\n<p>\u201cAmigos e amigas do MDB, \u00e9 com aperto no cora\u00e7\u00e3o que venho at\u00e9 voc\u00eas comunicar a minha desfilia\u00e7\u00e3o do partido. No MDB, fiz amigos e companheiros de primeira hora, os quais me ajudaram muito nesta minha breve trajet\u00f3ria pol\u00edtica. Tenho a plena e tranquila consci\u00eancia que honrei a agremia\u00e7\u00e3o com um mandato de deputado federal digno, bem aprovado e a servi\u00e7o do interesse p\u00fablico. Honrei tamb\u00e9m os valores hist\u00f3ricos do MDB, como os de independ\u00eancia, coragem e respeito \u00e0 democracia. At\u00e9 mesmo nos momentos de diverg\u00eancia ideol\u00f3gica mais aguda, como a que agora motiva minha sa\u00edda. Mantive o respeito absoluto aos meus pares, algo pr\u00f3prio da minha personalidade.<\/p>\n<p>Percorri todo o estado de Minas Gerais, na companhia do presidente Ant\u00f4nio Andrade e dos coordenadores regionais, verdadeiros guerreiros, buscando o caminho da candidatura pr\u00f3pria do MDB ao governo do Estado. Infelizmente, prevaleceram outras for\u00e7as do partido, que levar\u00e3o \u00e0 reedi\u00e7\u00e3o da equivocada alian\u00e7a com o PT na elei\u00e7\u00e3o desse ano.<\/p>\n<p>Neste instante, para mim, fala mais alto o compromisso com o Estado de Minas Gerais, hoje destru\u00eddo pela pior crise da sua hist\u00f3ria. Agrade\u00e7o ao presidente Ant\u00f4nio Andrade, aos membros da executiva, aos colegas parlamentares e aos dedicados funcion\u00e1rios do partido. E fa\u00e7o, por fim, um agradecimento especial \u00e0 base e milit\u00e2ncia do partido, prefeitos, vice-prefeitos, vereadores, coordenadores regionais, l\u00edderes pol\u00edticos e filiados, ess\u00eancia mais pura do MDB. A voc\u00eas, o meu carinho e um at\u00e9 breve\u201d, finalizou.<\/p>\n","protected":false},"excerpt":{"rendered":"<p>O deputado federal Rodrigo Pacheco vai se filiar ao Democratas (DEM) em solenidade na pr\u00f3xima segunda-feira, 19, em Belo Horizonte. Pelo partido, Pacheco se mant\u00e9m como pr\u00e9-candidato a governador do estado de Minas Gerais. Em comunicado, que confirma a sua desfilia\u00e7\u00e3o do MDB, o parlamentar afirma que \u201cprevaleceram outras for\u00e7as do partido, que levar\u00e3o \u00e0 [&hellip;]<\/p>\n","protected":false},"author":96,"featured_media":93756,"comment_status":"closed","ping_status":"closed","sticky":false,"template":"","format":"standard","meta":{"footnotes":""},"categories":[254],"tags":[],"class_list":["post-93757","post","type-post","status-publish","format-standard","has-post-thumbnail","hentry","category-politica"],"_links":{"self":[{"href":"https:\/\/diarioregionaldigital.com.br\/index.php?rest_route=\/wp\/v2\/posts\/93757","targetHints":{"allow":["GET"]}}],"collection":[{"href":"https:\/\/diarioregionaldigital.com.br\/index.php?rest_route=\/wp\/v2\/posts"}],"about":[{"href":"https:\/\/diarioregionaldigital.com.br\/index.php?rest_route=\/wp\/v2\/types\/post"}],"author":[{"embeddable":true,"href":"https:\/\/diarioregionaldigital.com.br\/index.php?rest_route=\/wp\/v2\/users\/96"}],"replies":[{"embeddable":true,"href":"https:\/\/diarioregionaldigital.com.br\/index.php?rest_route=%2Fwp%2Fv2%2Fcomments&post=93757"}],"version-history":[{"count":0,"href":"https:\/\/diarioregionaldigital.com.br\/index.php?rest_route=\/wp\/v2\/posts\/93757\/revisions"}],"wp:featuredmedia":[{"embeddable":true,"href":"https:\/\/diarioregionaldigital.com.br\/index.php?rest_route=\/wp\/v2\/media\/93756"}],"wp:attachment":[{"href":"https:\/\/diarioregionaldigital.com.br\/index.php?rest_route=%2Fwp%2Fv2%2Fmedia&parent=93757"}],"wp:term":[{"taxonomy":"category","embeddable":true,"href":"https:\/\/diarioregionaldigital.com.br\/index.php?rest_route=%2Fwp%2Fv2%2Fcategories&post=93757"},{"taxonomy":"post_tag","embeddable":true,"href":"https:\/\/diarioregionaldigital.com.br\/index.php?rest_route=%2Fwp%2Fv2%2Ftags&post=93757"}],"curies":[{"name":"wp","href":"https:\/\/api.w.org\/{rel}","templated":true}]}}