{"id":93753,"date":"2018-03-13T20:05:37","date_gmt":"2018-03-13T23:05:37","guid":{"rendered":"http:\/\/diarioregionaljf.com.br\/2018\/03\/13\/parceria-do-servico-de-cardiologia-do-hu-ufjf-e-faefid-avalia-69-adolescentes-que-querem-jogar-futebol\/"},"modified":"2018-03-13T20:05:37","modified_gmt":"2018-03-13T23:05:37","slug":"parceria-do-servico-de-cardiologia-do-hu-ufjf-e-faefid-avalia-69-adolescentes-que-querem-jogar-futebol","status":"publish","type":"post","link":"https:\/\/diarioregionaldigital.com.br\/?p=93753","title":{"rendered":"Parceria do servi\u00e7o de Cardiologia do HU-UFJF e Faefid avalia 69 adolescentes que querem jogar futebol"},"content":{"rendered":"<p>A equipe do Servi\u00e7o de Cardiologia do HU-UFJF est\u00e1 avaliando, desde a \u00faltima sexta-feira, 9, 69 adolescentes, entre 14 e 17 anos, inscritos no projeto Futebol\/UFJF, coordenado pelo professor Marcelo de Oliveira Matta. Os adolescentes que sonham em se tornar jogadores de sucesso e passam por uma peneira de talentos v\u00e3o participar de competi\u00e7\u00f5es oficiais e para isso precisam apresentar atestado cardiol\u00f3gico. Ap\u00f3s uma reuni\u00e3o na ter\u00e7a-feira,6, a parceria foi firmada.<\/p>\n<p>Al\u00e9m da import\u00e2ncia da parceria, a a\u00e7\u00e3o tamb\u00e9m serve de alerta para que os pais ou respons\u00e1veis fiquem atentos para a necessidade da avalia\u00e7\u00e3o cardiol\u00f3gica antes do in\u00edcio de qualquer atividade f\u00edsica. De acordo com Chefe do Servi\u00e7o de Cardiologia do HU-UFJF-Ebserh, H\u00e9lio Lima Brito J\u00fanior, ser\u00e1 feita a avalia\u00e7\u00e3o cardiol\u00f3gica com emiss\u00e3o de atestado conforme padr\u00e3o estabelecido pela Sociedade Brasileira de Cardiologia. Os adolescentes foram divididos em cinco turmas e ser\u00e3o avaliados at\u00e9 a pr\u00f3xima sexta-feira, 16, no per\u00edodo da tarde.<\/p>\n<p>O projeto Futebol\/UFJF \u00e9 uma atividade de extens\u00e3o e realiza seletivas na busca dos melhores talentos de futebol da comunidade e atende meninos na faixa de idade de 10 a 17 anos. Atualmente 140 est\u00e3o inscritos no projeto. A avalia\u00e7\u00e3o no servi\u00e7o de cardiologia ser\u00e1 dos que integram a faixa do sub-15(infantil) e sub-17(juvenil) e ser\u00e3o inscritos na Federa\u00e7\u00e3o Mineira de Futebol (FMF). De acordo com H\u00e9lio Brito, a Sociedade Europ\u00e9ia de Cardiologia j\u00e1 preconiza que crian\u00e7as e adolescentes que querem praticar esporte passem por avalia\u00e7\u00e3o cardiol\u00f3gica. Os adolescentes v\u00e3o passar por consulta e far\u00e3o eletrocardiograma.<\/p>\n<p>Os atendimentos foram agendados pelo Chefe da Unidade de Cl\u00ednica M\u00e9dica (UCM) do HU-UFJF\/EBSERH, Samir Resende Guimar\u00e3es Souza, e os atendimentos ficar\u00e3o sob a responsabilidade dos m\u00e9dicos Vagner Silva, Glauco Bonato e Leandro Pimentel.<\/p>\n<p>\u201cEste pedido se justifica pelo fato de termos a seguran\u00e7a de que todos os atletas estar\u00e3o em plenas condi\u00e7\u00f5es card\u00edacas para atender as demandas dos treinamentos e dos jogos, bem como se adequar \u00e0s exig\u00eancias da Federa\u00e7\u00e3o Mineira de Futebol (FMF), que determina a apresenta\u00e7\u00e3o de um laudo m\u00e9dico declarando que o atleta se encontra apto para a pr\u00e1tica do Futebol no ato da inscri\u00e7\u00e3o dos futebolistas na federa\u00e7\u00e3o\u201d, explicou o professor Marcelo de Oliveira Matta, coordenador do projeto.<\/p>\n<p>Fonte: Assessoria<\/p>\n","protected":false},"excerpt":{"rendered":"<p>A equipe do Servi\u00e7o de Cardiologia do HU-UFJF est\u00e1 avaliando, desde a \u00faltima sexta-feira, 9, 69 adolescentes, entre 14 e 17 anos, inscritos no projeto Futebol\/UFJF, coordenado pelo professor Marcelo de Oliveira Matta. Os adolescentes que sonham em se tornar jogadores de sucesso e passam por uma peneira de talentos v\u00e3o participar de competi\u00e7\u00f5es oficiais [&hellip;]<\/p>\n","protected":false},"author":96,"featured_media":93752,"comment_status":"closed","ping_status":"closed","sticky":false,"template":"","format":"standard","meta":{"footnotes":""},"categories":[257],"tags":[],"class_list":["post-93753","post","type-post","status-publish","format-standard","has-post-thumbnail","hentry","category-esporte"],"_links":{"self":[{"href":"https:\/\/diarioregionaldigital.com.br\/index.php?rest_route=\/wp\/v2\/posts\/93753","targetHints":{"allow":["GET"]}}],"collection":[{"href":"https:\/\/diarioregionaldigital.com.br\/index.php?rest_route=\/wp\/v2\/posts"}],"about":[{"href":"https:\/\/diarioregionaldigital.com.br\/index.php?rest_route=\/wp\/v2\/types\/post"}],"author":[{"embeddable":true,"href":"https:\/\/diarioregionaldigital.com.br\/index.php?rest_route=\/wp\/v2\/users\/96"}],"replies":[{"embeddable":true,"href":"https:\/\/diarioregionaldigital.com.br\/index.php?rest_route=%2Fwp%2Fv2%2Fcomments&post=93753"}],"version-history":[{"count":0,"href":"https:\/\/diarioregionaldigital.com.br\/index.php?rest_route=\/wp\/v2\/posts\/93753\/revisions"}],"wp:featuredmedia":[{"embeddable":true,"href":"https:\/\/diarioregionaldigital.com.br\/index.php?rest_route=\/wp\/v2\/media\/93752"}],"wp:attachment":[{"href":"https:\/\/diarioregionaldigital.com.br\/index.php?rest_route=%2Fwp%2Fv2%2Fmedia&parent=93753"}],"wp:term":[{"taxonomy":"category","embeddable":true,"href":"https:\/\/diarioregionaldigital.com.br\/index.php?rest_route=%2Fwp%2Fv2%2Fcategories&post=93753"},{"taxonomy":"post_tag","embeddable":true,"href":"https:\/\/diarioregionaldigital.com.br\/index.php?rest_route=%2Fwp%2Fv2%2Ftags&post=93753"}],"curies":[{"name":"wp","href":"https:\/\/api.w.org\/{rel}","templated":true}]}}