{"id":93751,"date":"2018-03-13T19:28:47","date_gmt":"2018-03-13T22:28:47","guid":{"rendered":"http:\/\/diarioregionaljf.com.br\/2018\/03\/13\/comissao-de-urbanismo-da-camara-recebe-convidados-para-promover-dia-de-debates-sobre-diretrizes-urbanisticas-da-cidade\/"},"modified":"2018-03-13T19:28:47","modified_gmt":"2018-03-13T22:28:47","slug":"comissao-de-urbanismo-da-camara-recebe-convidados-para-promover-dia-de-debates-sobre-diretrizes-urbanisticas-da-cidade","status":"publish","type":"post","link":"https:\/\/diarioregionaldigital.com.br\/?p=93751","title":{"rendered":"Comiss\u00e3o de Urbanismo da C\u00e2mara recebe convidados para promover dia de debates sobre diretrizes urban\u00edsticas da cidade"},"content":{"rendered":"<p>A proposta de troncaliza\u00e7\u00e3o do transporte p\u00fablico de Juiz de Fora, a cria\u00e7\u00e3o de ciclovias, a consolida\u00e7\u00e3o de um corredor ambiental na Mata do Krambeck e a revitaliza\u00e7\u00e3o do rio Paraibuna est\u00e3o entre os exemplos previstos no Plano Diretor de Juiz de Fora, obrigat\u00f3rio para toda cidade com mais de 20 mil habitantes. Aprovado como lei no ano 2000, tendo a exig\u00eancia de ser atualizado a cada 10 anos segundo o Estatuto das Cidades, o documento d\u00e1 as diretrizes urban\u00edsticas do munic\u00edpio.&nbsp;Com isso, tem impactos significativos em todos os segmentos da sociedade, envolvendo quest\u00f5es como habita\u00e7\u00e3o, meio ambiente, mobilidade urbana, patrim\u00f4nio e saneamento. T\u00e3o importante que a Comiss\u00e3o de Urbanismo, Transporte, Tr\u00e2nsito, Meio Ambiente e Acessibilidade da C\u00e2mara Municipal de Juiz de Fora vai promover nesta quinta-feira, 15, dois importantes momentos para discutir o tema.<\/p>\n<p>Na parte da manh\u00e3, \u00e0s 9h, o foco ser\u00e1 a Revis\u00e3o do Plano Diretor Participativo, trazendo \u00e0 sociedade a discuss\u00e3o do tema por meio de uma palestra apresentada pelos arquitetos e urbanistas, Demetre Anastassakis e Cl\u00e1udia Pires. \u201cA inten\u00e7\u00e3o \u00e9 explicar, divulgar mais o Plano e proporcionar um maior entendimento de toda a sociedade sobre sua import\u00e2ncia\u201d, ressaltou o presidente da comiss\u00e3o, vereador Z\u00e9 M\u00e1rcio.<\/p>\n<p>A grande expectativa, por\u00e9m, est\u00e1 na segunda parte do evento, \u00e0s 19h30, quando o Legislativo Municipal sedia um importante debate p\u00fablico para discutir a proposta urban\u00edstica de Juiz de Fora para os pr\u00f3ximos 10 anos. Com o t\u00edtulo \u201cJuiz de Fora 2028\u201d, o evento pretende apresentar uma vis\u00e3o mais ampla do plano, trazendo experi\u00eancias de \u00eaxito de outras cidades. Para isso, \u201cvamos promover uma ampla discuss\u00e3o com a participa\u00e7\u00e3o do Instituto de Arquitetura do Brasil (IAB), do Clube de Engenharia de Juiz de Fora, convidados e representantes da Comiss\u00e3o de Urbanismo da C\u00e2mara\u201d, explicou o parlamentar.<\/p>\n<p>O vereador ainda frisou a necessidade dessa discuss\u00e3o e da participa\u00e7\u00e3o de toda sociedade e de modo especial de todos os vereadores, uma vez que o tema entrar\u00e1 em vota\u00e7\u00e3o na C\u00e2mara j\u00e1 no dia seguinte, 16 de mar\u00e7o. \u201cO Plano Diretor foi criado no ano 2000. Em 2013, a Prefeitura de Juiz de Fora iniciou sua revis\u00e3o e, no ano passado, o documento foi para a C\u00e2mara para discuss\u00e3o e vota\u00e7\u00e3o. No intuito de acompanhar de perto esse trabalho, outra a\u00e7\u00e3o da Comiss\u00e3o de Urbanismo da C\u00e2mara \u00e9 a cria\u00e7\u00e3o de uma emenda em que, feita a aprova\u00e7\u00e3o do Plano Diretor, seja obrigat\u00f3rio que anualmente a Prefeitura fa\u00e7a uma presta\u00e7\u00e3o de contas do que foi ou n\u00e3o implementado, quando ser\u00e3o verificadas as metas que foram cumpridas.\u201d<\/p>\n<p>Fonte: Assessoria<\/p>\n","protected":false},"excerpt":{"rendered":"<p>A proposta de troncaliza\u00e7\u00e3o do transporte p\u00fablico de Juiz de Fora, a cria\u00e7\u00e3o de ciclovias, a consolida\u00e7\u00e3o de um corredor ambiental na Mata do Krambeck e a revitaliza\u00e7\u00e3o do rio Paraibuna est\u00e3o entre os exemplos previstos no Plano Diretor de Juiz de Fora, obrigat\u00f3rio para toda cidade com mais de 20 mil habitantes. Aprovado como [&hellip;]<\/p>\n","protected":false},"author":96,"featured_media":93750,"comment_status":"closed","ping_status":"closed","sticky":false,"template":"","format":"standard","meta":{"footnotes":""},"categories":[254],"tags":[],"class_list":["post-93751","post","type-post","status-publish","format-standard","has-post-thumbnail","hentry","category-politica"],"_links":{"self":[{"href":"https:\/\/diarioregionaldigital.com.br\/index.php?rest_route=\/wp\/v2\/posts\/93751","targetHints":{"allow":["GET"]}}],"collection":[{"href":"https:\/\/diarioregionaldigital.com.br\/index.php?rest_route=\/wp\/v2\/posts"}],"about":[{"href":"https:\/\/diarioregionaldigital.com.br\/index.php?rest_route=\/wp\/v2\/types\/post"}],"author":[{"embeddable":true,"href":"https:\/\/diarioregionaldigital.com.br\/index.php?rest_route=\/wp\/v2\/users\/96"}],"replies":[{"embeddable":true,"href":"https:\/\/diarioregionaldigital.com.br\/index.php?rest_route=%2Fwp%2Fv2%2Fcomments&post=93751"}],"version-history":[{"count":0,"href":"https:\/\/diarioregionaldigital.com.br\/index.php?rest_route=\/wp\/v2\/posts\/93751\/revisions"}],"wp:featuredmedia":[{"embeddable":true,"href":"https:\/\/diarioregionaldigital.com.br\/index.php?rest_route=\/wp\/v2\/media\/93750"}],"wp:attachment":[{"href":"https:\/\/diarioregionaldigital.com.br\/index.php?rest_route=%2Fwp%2Fv2%2Fmedia&parent=93751"}],"wp:term":[{"taxonomy":"category","embeddable":true,"href":"https:\/\/diarioregionaldigital.com.br\/index.php?rest_route=%2Fwp%2Fv2%2Fcategories&post=93751"},{"taxonomy":"post_tag","embeddable":true,"href":"https:\/\/diarioregionaldigital.com.br\/index.php?rest_route=%2Fwp%2Fv2%2Ftags&post=93751"}],"curies":[{"name":"wp","href":"https:\/\/api.w.org\/{rel}","templated":true}]}}