{"id":93749,"date":"2018-03-13T19:20:10","date_gmt":"2018-03-13T22:20:10","guid":{"rendered":"http:\/\/diarioregionaljf.com.br\/2018\/03\/13\/presidente-do-stf-diz-que-nao-vai-se-submeter-a-pressoes-politicas\/"},"modified":"2018-03-13T19:20:10","modified_gmt":"2018-03-13T22:20:10","slug":"presidente-do-stf-diz-que-nao-vai-se-submeter-a-pressoes-politicas","status":"publish","type":"post","link":"https:\/\/diarioregionaldigital.com.br\/?p=93749","title":{"rendered":"Presidente do STF diz que n\u00e3o vai se submeter a press\u00f5es pol\u00edticas"},"content":{"rendered":"<p>A presidente do Supremo Tribunal Federal (STF), ministra C\u00e1rmen L\u00facia, disse nessa ter\u00e7a-feira, 13, em S\u00e3o Paulo, que \u201cn\u00e3o se submete a press\u00f5es\u201d, ao ser questionada sobre a a\u00e7\u00e3o de pol\u00edticos em rela\u00e7\u00e3o \u00e0 tramita\u00e7\u00e3o de processos em segunda inst\u00e2ncia.<\/p>\n<p>Ela deu a declara\u00e7\u00e3o ao participar do encontro Mulheres no Poder: A Quest\u00e3o do G\u00eanero na Justi\u00e7a Brasileira, promovido pelo jornal Folha de S\u00e3o Paulo. Enquanto era aplaudida, uma mulher da plateia gritou \u201cLula na cadeia\u201d.<\/p>\n<p>Em rela\u00e7\u00e3o \u00e0s cr\u00edticas feitas pela presidente nacional do PT, senadora Gleisi Hoffmann, contra o STF, a ministra reagiu dizendo que sempre lutou pela democracia e que todos t\u00eam o direito de se manifestar, porque, caso n\u00e3o pensasse dessa maneira, estaria contrariando o que sempre defendeu: a liberdade de express\u00e3o.<\/p>\n<p>\u201cLutei a minha vida inteira pela liberdade de express\u00e3o e pela democracia; n\u00e3o \u00e9 agora que, quando sou o sujeito que recebe a cr\u00edtica, que eu iria mudar\u201d disse. Segundo a presidente do STF, \u201cas cr\u00edticas \u00e0s vezes mais contundentes, \u00e0s vezes mais \u00e1cidas\u201d resultam dessa luta democr\u00e1tica.<\/p>\n<h4>&nbsp;<\/h4>\n<h4>INDULTO DE NATAL N\u00c3O \u00c9 COMENTADO<\/h4>\n<p>Sobre a decis\u00e3o de ontem, 12, do ministro Lu\u00eds Roberto Barroso, do STF, sobre o indulto de Natal, a ministra C\u00e1rmem L\u00facia disse que &#8211; por uma quest\u00e3o \u00e9tica por ser parte votante no processo &#8211; n\u00e3o poderia se pronunciar.<\/p>\n<p>Do encontro de hoje tamb\u00e9m participaram a ministra da Advogacia Geral da Uni\u00e3o (AGU), Grace Mendon\u00e7a, e a ministra do Supremo Tribunal Militar (STM), Maria Elizabeth Rocha.<\/p>\n<p>Elas e a ministra C\u00e1rmen L\u00facia disseram que o papel da mulher na sociedade avan\u00e7ou muito, mas que ainda carece de luta para vencer obst\u00e1culos, principalmente, no que se refere \u00e0 desigualdade no mercado de trabalho.<\/p>\n<p>Fonte: Ag\u00eancia Brasil<\/p>\n","protected":false},"excerpt":{"rendered":"<p>A presidente do Supremo Tribunal Federal (STF), ministra C\u00e1rmen L\u00facia, disse nessa ter\u00e7a-feira, 13, em S\u00e3o Paulo, que \u201cn\u00e3o se submete a press\u00f5es\u201d, ao ser questionada sobre a a\u00e7\u00e3o de pol\u00edticos em rela\u00e7\u00e3o \u00e0 tramita\u00e7\u00e3o de processos em segunda inst\u00e2ncia. Ela deu a declara\u00e7\u00e3o ao participar do encontro Mulheres no Poder: A Quest\u00e3o do G\u00eanero [&hellip;]<\/p>\n","protected":false},"author":96,"featured_media":93748,"comment_status":"closed","ping_status":"closed","sticky":false,"template":"","format":"standard","meta":{"footnotes":""},"categories":[254],"tags":[],"class_list":["post-93749","post","type-post","status-publish","format-standard","has-post-thumbnail","hentry","category-politica"],"_links":{"self":[{"href":"https:\/\/diarioregionaldigital.com.br\/index.php?rest_route=\/wp\/v2\/posts\/93749","targetHints":{"allow":["GET"]}}],"collection":[{"href":"https:\/\/diarioregionaldigital.com.br\/index.php?rest_route=\/wp\/v2\/posts"}],"about":[{"href":"https:\/\/diarioregionaldigital.com.br\/index.php?rest_route=\/wp\/v2\/types\/post"}],"author":[{"embeddable":true,"href":"https:\/\/diarioregionaldigital.com.br\/index.php?rest_route=\/wp\/v2\/users\/96"}],"replies":[{"embeddable":true,"href":"https:\/\/diarioregionaldigital.com.br\/index.php?rest_route=%2Fwp%2Fv2%2Fcomments&post=93749"}],"version-history":[{"count":0,"href":"https:\/\/diarioregionaldigital.com.br\/index.php?rest_route=\/wp\/v2\/posts\/93749\/revisions"}],"wp:featuredmedia":[{"embeddable":true,"href":"https:\/\/diarioregionaldigital.com.br\/index.php?rest_route=\/wp\/v2\/media\/93748"}],"wp:attachment":[{"href":"https:\/\/diarioregionaldigital.com.br\/index.php?rest_route=%2Fwp%2Fv2%2Fmedia&parent=93749"}],"wp:term":[{"taxonomy":"category","embeddable":true,"href":"https:\/\/diarioregionaldigital.com.br\/index.php?rest_route=%2Fwp%2Fv2%2Fcategories&post=93749"},{"taxonomy":"post_tag","embeddable":true,"href":"https:\/\/diarioregionaldigital.com.br\/index.php?rest_route=%2Fwp%2Fv2%2Ftags&post=93749"}],"curies":[{"name":"wp","href":"https:\/\/api.w.org\/{rel}","templated":true}]}}