{"id":93745,"date":"2018-03-13T18:32:59","date_gmt":"2018-03-13T21:32:59","guid":{"rendered":"http:\/\/diarioregionaljf.com.br\/2018\/03\/13\/mesmo-com-decisao-do-tst-governo-nao-descarta-privatizacao-dos-correios\/"},"modified":"2018-03-13T18:32:59","modified_gmt":"2018-03-13T21:32:59","slug":"mesmo-com-decisao-do-tst-governo-nao-descarta-privatizacao-dos-correios","status":"publish","type":"post","link":"https:\/\/diarioregionaldigital.com.br\/?p=93745","title":{"rendered":"Mesmo com decis\u00e3o do TST, governo n\u00e3o descarta privatiza\u00e7\u00e3o dos Correios"},"content":{"rendered":"<p>Mesmo com a decis\u00e3o do Tribunal Superior do Trabalho (TST) que obriga os empregados dos Correios e seus dependentes a pagar mensalidade para manter os planos de sa\u00fade, o governo n\u00e3o descarta a privatiza\u00e7\u00e3o da empresa p\u00fablica. \u201cOs correios est\u00e3o em uma situa\u00e7\u00e3o muito dif\u00edcil. Eu sei que \u00e9 muito dif\u00edcil cortar direitos dos trabalhadores, mais triste \u00e9 voc\u00ea fechar uma empresa porque ela est\u00e1 insolvente\u201d, disse o ministro da Ci\u00eancia, Tecnologia, Inova\u00e7\u00f5es e Comunica\u00e7\u00f5es, Gilberto Kassab.<\/p>\n<p>\u201cO governo brasileiro, diante da conjuntura econ\u00f4mica muito dif\u00edcil, tem deixado claro que o Tesouro n\u00e3o colocar\u00e1 recursos nos Correios\u201d, ressaltou ele, explicando que a dire\u00e7\u00e3o da empresa est\u00e1 avaliando qual ser\u00e1 a nova realidade diante da decis\u00e3o do TST. \u201cOu os Correios diminuem suas despesas ou v\u00e3o passar por um processo de privatiza\u00e7\u00e3o\u201d, disse durante sua participa\u00e7\u00e3o, nessa ter\u00e7a-feira, 13, no Programa Por Dentro do Governo, da TV NBR.<\/p>\n<p>Ontem, 12, o tribunal julgou a a\u00e7\u00e3o de diss\u00eddio coletivo que havia sido ajuizada pelos Correios ainda no ano passado, quando n\u00e3o houve acordo entre empregados e dire\u00e7\u00e3o sobre a revis\u00e3o do Postal Sa\u00fade no \u00e2mbito do Acordo Coletivo de Trabalho (ACT).<\/p>\n<p>A principal mudan\u00e7a \u00e9 a introdu\u00e7\u00e3o da cobran\u00e7a de mensalidade dos empregados e seus dependentes (c\u00f4njuges e filhos), conforme faixas et\u00e1ria e remunerat\u00f3ria. At\u00e9 ent\u00e3o, os empregados e seus familiares que usavam o plano pagavam apenas um percentual por consulta ou exame, de acordo com uma tabela remunerat\u00f3ria do plano.<\/p>\n<p>Segundo Kassab, a proposta inicial da dire\u00e7\u00e3o da empresa era mais ampla, prevendo a manuten\u00e7\u00e3o do plano apenas para funcion\u00e1rios ativos e aposentados e a cria\u00e7\u00e3o de um outro plano para todos os dependentes. Al\u00e9m dos mais de 140 mil funcion\u00e1rios da ativa e aposentados dos Correios, o Postal Sa\u00fade atendia a outras 250 mil pessoas (dependentes e ascentendes) totalizando aproximadamente 400 mil vidas.<\/p>\n<p>Para a Federa\u00e7\u00e3o Nacional dos Trabalhadores em Empresas de Correios e Tel\u00e9grafos e Similares (Fentect), a empresa n\u00e3o onera o governo federal ou o bolso do cidad\u00e3o por meio da arrecada\u00e7\u00e3o de impostos. \u201cAo contr\u00e1rio, \u00e9 o governo quem tem retirado verbas da empresa, sem retorno, nos \u00faltimos anos, como da ordem de R$6 bilh\u00f5es\u201d, informou. \u201cCom todos os erros e inger\u00eancias pol\u00edticas na administra\u00e7\u00e3o dos Correios, a dire\u00e7\u00e3o da estatal promove essas e outras retiradas de direitos dos pr\u00f3prios trabalhadores, responsabilizando-os pelos danos da ECT.\u201d<\/p>\n<p>Sobre a decis\u00e3o do TST, Silva diz que ser\u00e1 dif\u00edcil para os trabalhadores, pois o pagamento do plano de sa\u00fade acabar\u00e1 reduzindo ainda mais o sal\u00e1rio da categoria. O sal\u00e1rio m\u00e9dio dos trabalhadores dos Correios \u00e9 R$1,6 mil, \u201co pior sal\u00e1rio entre empresas p\u00fablicas e estatais\u201d, segundo a federa\u00e7\u00e3o.<\/p>\n<p>A decis\u00e3o do TST ainda cabe recurso no pr\u00f3prio tribunal e ao Supremo Tribunal Federal.<\/p>\n<p>Nessa segunda, trabalhadores dos Correios entraram em greve por tempo indeterminado contra as mudan\u00e7as no plano de sa\u00fade da empresa. De acordo com a Fentect, 31 sindicatos da categoria aderiram a greve. Hoje, ap\u00f3s a decis\u00e3o do TST, 18 permanecem no movimento paredista. Na tarde de hoje, os sindicatos far\u00e3o novas assembleias para avaliar o futuro da greve.<\/p>\n<p>Fonte: Ag\u00eancia Brasil<\/p>\n","protected":false},"excerpt":{"rendered":"<p>Mesmo com a decis\u00e3o do Tribunal Superior do Trabalho (TST) que obriga os empregados dos Correios e seus dependentes a pagar mensalidade para manter os planos de sa\u00fade, o governo n\u00e3o descarta a privatiza\u00e7\u00e3o da empresa p\u00fablica. \u201cOs correios est\u00e3o em uma situa\u00e7\u00e3o muito dif\u00edcil. Eu sei que \u00e9 muito dif\u00edcil cortar direitos dos trabalhadores, [&hellip;]<\/p>\n","protected":false},"author":96,"featured_media":93744,"comment_status":"closed","ping_status":"closed","sticky":false,"template":"","format":"standard","meta":{"footnotes":""},"categories":[302],"tags":[],"class_list":["post-93745","post","type-post","status-publish","format-standard","has-post-thumbnail","hentry","category-brasil-mundo"],"_links":{"self":[{"href":"https:\/\/diarioregionaldigital.com.br\/index.php?rest_route=\/wp\/v2\/posts\/93745","targetHints":{"allow":["GET"]}}],"collection":[{"href":"https:\/\/diarioregionaldigital.com.br\/index.php?rest_route=\/wp\/v2\/posts"}],"about":[{"href":"https:\/\/diarioregionaldigital.com.br\/index.php?rest_route=\/wp\/v2\/types\/post"}],"author":[{"embeddable":true,"href":"https:\/\/diarioregionaldigital.com.br\/index.php?rest_route=\/wp\/v2\/users\/96"}],"replies":[{"embeddable":true,"href":"https:\/\/diarioregionaldigital.com.br\/index.php?rest_route=%2Fwp%2Fv2%2Fcomments&post=93745"}],"version-history":[{"count":0,"href":"https:\/\/diarioregionaldigital.com.br\/index.php?rest_route=\/wp\/v2\/posts\/93745\/revisions"}],"wp:featuredmedia":[{"embeddable":true,"href":"https:\/\/diarioregionaldigital.com.br\/index.php?rest_route=\/wp\/v2\/media\/93744"}],"wp:attachment":[{"href":"https:\/\/diarioregionaldigital.com.br\/index.php?rest_route=%2Fwp%2Fv2%2Fmedia&parent=93745"}],"wp:term":[{"taxonomy":"category","embeddable":true,"href":"https:\/\/diarioregionaldigital.com.br\/index.php?rest_route=%2Fwp%2Fv2%2Fcategories&post=93745"},{"taxonomy":"post_tag","embeddable":true,"href":"https:\/\/diarioregionaldigital.com.br\/index.php?rest_route=%2Fwp%2Fv2%2Ftags&post=93745"}],"curies":[{"name":"wp","href":"https:\/\/api.w.org\/{rel}","templated":true}]}}