{"id":93741,"date":"2018-03-13T17:57:32","date_gmt":"2018-03-13T20:57:32","guid":{"rendered":"http:\/\/diarioregionaljf.com.br\/2018\/03\/13\/tres-detentos-morrem-e-seis-agentes-sao-mantidos-refens-em-penitenciaria-no-para\/"},"modified":"2018-03-13T17:57:32","modified_gmt":"2018-03-13T20:57:32","slug":"tres-detentos-morrem-e-seis-agentes-sao-mantidos-refens-em-penitenciaria-no-para","status":"publish","type":"post","link":"https:\/\/diarioregionaldigital.com.br\/?p=93741","title":{"rendered":"Tr\u00eas detentos morrem e seis agentes s\u00e3o mantidos ref\u00e9ns em penitenci\u00e1ria no Par\u00e1"},"content":{"rendered":"<p>Tr\u00eas presos foram mortos e seis agentes penitenci\u00e1rios s\u00e3o mantidos ref\u00e9ns, nessa ter\u00e7a-feira, 13, no Centro de Recupera\u00e7\u00e3o Penitenci\u00e1rio Par\u00e1 I, em Santa Isabel do Par\u00e1. As informa\u00e7\u00f5es s\u00e3o da Superintend\u00eancia do Sistema Penitenci\u00e1rio do Estado. A captura dos agentes teria ocorrido por volta de 8h da manh\u00e3, ap\u00f3s uma tentativa de resgate na unidade prisional.<\/p>\n<p>Os detentos est\u00e3o com uma arma de fogo. Os criminosos que dariam apoio na fuga dos presos fugiram pela \u00e1rea de mata, ap\u00f3s trocarem tiros com policiais militares do Batalh\u00e3o de Policiamento Penitenci\u00e1rio.<\/p>\n<p>A Pol\u00edcia Militar faz buscas na \u00e1rea e j\u00e1 refor\u00e7a a seguran\u00e7a no local. Existe a possibilidade de uma incurs\u00e3o t\u00e1tica na unidade prisional.<\/p>\n<p>As negocia\u00e7\u00f5es continuam at\u00e9 a chegada da ju\u00edza Luiza Paduan, da Vara de Execu\u00e7\u00f5es Penais da Capital. Atualmente, o Centro de Recupera\u00e7\u00e3o Penitenci\u00e1rio Par\u00e1 I abriga 1.196 presos. A capacidade \u00e9 para 739.<\/p>\n<p>Fonte: Ag\u00eancia Brasil<\/p>\n","protected":false},"excerpt":{"rendered":"<p>Tr\u00eas presos foram mortos e seis agentes penitenci\u00e1rios s\u00e3o mantidos ref\u00e9ns, nessa ter\u00e7a-feira, 13, no Centro de Recupera\u00e7\u00e3o Penitenci\u00e1rio Par\u00e1 I, em Santa Isabel do Par\u00e1. As informa\u00e7\u00f5es s\u00e3o da Superintend\u00eancia do Sistema Penitenci\u00e1rio do Estado. A captura dos agentes teria ocorrido por volta de 8h da manh\u00e3, ap\u00f3s uma tentativa de resgate na unidade [&hellip;]<\/p>\n","protected":false},"author":96,"featured_media":93740,"comment_status":"closed","ping_status":"closed","sticky":false,"template":"","format":"standard","meta":{"footnotes":""},"categories":[302],"tags":[],"class_list":["post-93741","post","type-post","status-publish","format-standard","has-post-thumbnail","hentry","category-brasil-mundo"],"_links":{"self":[{"href":"https:\/\/diarioregionaldigital.com.br\/index.php?rest_route=\/wp\/v2\/posts\/93741","targetHints":{"allow":["GET"]}}],"collection":[{"href":"https:\/\/diarioregionaldigital.com.br\/index.php?rest_route=\/wp\/v2\/posts"}],"about":[{"href":"https:\/\/diarioregionaldigital.com.br\/index.php?rest_route=\/wp\/v2\/types\/post"}],"author":[{"embeddable":true,"href":"https:\/\/diarioregionaldigital.com.br\/index.php?rest_route=\/wp\/v2\/users\/96"}],"replies":[{"embeddable":true,"href":"https:\/\/diarioregionaldigital.com.br\/index.php?rest_route=%2Fwp%2Fv2%2Fcomments&post=93741"}],"version-history":[{"count":0,"href":"https:\/\/diarioregionaldigital.com.br\/index.php?rest_route=\/wp\/v2\/posts\/93741\/revisions"}],"wp:featuredmedia":[{"embeddable":true,"href":"https:\/\/diarioregionaldigital.com.br\/index.php?rest_route=\/wp\/v2\/media\/93740"}],"wp:attachment":[{"href":"https:\/\/diarioregionaldigital.com.br\/index.php?rest_route=%2Fwp%2Fv2%2Fmedia&parent=93741"}],"wp:term":[{"taxonomy":"category","embeddable":true,"href":"https:\/\/diarioregionaldigital.com.br\/index.php?rest_route=%2Fwp%2Fv2%2Fcategories&post=93741"},{"taxonomy":"post_tag","embeddable":true,"href":"https:\/\/diarioregionaldigital.com.br\/index.php?rest_route=%2Fwp%2Fv2%2Ftags&post=93741"}],"curies":[{"name":"wp","href":"https:\/\/api.w.org\/{rel}","templated":true}]}}