{"id":93737,"date":"2018-03-13T17:53:29","date_gmt":"2018-03-13T20:53:29","guid":{"rendered":"http:\/\/diarioregionaljf.com.br\/2018\/03\/13\/tite-divulga-ultima-convocacao-antes-da-lista-para-copa-com-novidades\/"},"modified":"2018-03-13T17:53:29","modified_gmt":"2018-03-13T20:53:29","slug":"tite-divulga-ultima-convocacao-antes-da-lista-para-copa-com-novidades","status":"publish","type":"post","link":"https:\/\/diarioregionaldigital.com.br\/?p=93737","title":{"rendered":"Tite divulga \u00faltima convoca\u00e7\u00e3o antes da lista para Copa, com novidades"},"content":{"rendered":"<p>Nesta segunda-feira, 12, na sede da Confedera\u00e7\u00e3o Brasileira de Futebol (CBF) no Rio de Janeiro, Tite divulgou publicamente sua \u00faltima convoca\u00e7\u00e3o antes de anunciar a lista de 23 atletas que ir\u00e3o compor o elenco na disputa da&nbsp;Copa do Mundo da R\u00fassia, onde a Sele\u00e7\u00e3o&nbsp;busca o hexacampeonato Mundial. Os pr\u00f3ximos compromissos ser\u00e3o em amistosos diante de R\u00fassia e Alemanha, programados para os dias 23 e 27 de mar\u00e7o.<\/p>\n<p>Tite confirmou os rumores e convocou mais do que os 23 jogadores de costume. Como tem apenas estes dois amistosos para realizar testes antes da convoca\u00e7\u00e3o final para o Mundial, o treinador optou por manter sua ideia de dar oportunidade para a maioria dos jogadores em boa fase e em condi\u00e7\u00f5es de representar a Sele\u00e7\u00e3o na R\u00fassia. Por isso, Neto, Talisca e Willian Jos\u00e9, al\u00e9m de Geromel, foram algumas das novidades.<\/p>\n<p>A convoca\u00e7\u00e3o realizada por Tite nesta segunda-feira estava programada, inicialmente, para o dia 2 de mar\u00e7o, mas acabou sendo adiada para que o departamento m\u00e9dico pudesse chegar a algumas conclus\u00f5es quanto a jogadores que estavam lesionados ou em transi\u00e7\u00e3o f\u00edsica para o campo. Eram os casos de Marcelo, Fernandinho, Gabriel Jesus e Neymar, mas apenas o atacante do PSG, como j\u00e1 era sabido, ficou de fora da lista.<\/p>\n<p>O primeiro amistoso ser\u00e1 realizado em Moscou, dia 23 de mar\u00e7o, contra a Sele\u00e7\u00e3o da R\u00fassia, anfitri\u00e3 da Copa. Quatro dias depois, 27, os comandados de Tite viajam para Berlim, onde enfrentam a Alemanha, no primeiro encontro entre as equipes nacionais desde o 7 a 1 no Mundial de 2014, que levou os europeus para a final da competi\u00e7\u00e3o e, posteriormente, ao t\u00edtulo diante da Argentina.<\/p>\n<p>O Brasil inicia a disputa da Copa do Mundo no Grupo E ao lado de Costa Rica, S\u00e9rvia e Su\u00ed\u00e7a, advers\u00e1rio da estreia no dia 17 de junho, em Rostov.<\/p>\n<p><strong>Confira a lista com os 25 convocados:<\/strong><\/p>\n<p>Goleiros:&nbsp;<br \/> Alisson (Roma)<br \/> Ederson (Manchester City)<br \/> Neto (Val\u00eancia)<\/p>\n<p>Laterais:<br \/> Daniel Alves (PSG)<br \/> F\u00e1gner (Corinthians)<br \/> Filipe Lu\u00eds (Atl\u00e9tico de Madrid)<br \/> Marcelo (Real Madrid)<\/p>\n<p>Zagueiros:<br \/> Marquinhos (PSG)<br \/> Miranda (Inter de Mil\u00e3o)<br \/> Geromel (Gr\u00eamio)<br \/> Thiago Silva (PSG)<br \/> Rodrigo Caio (S\u00e3o Paulo)<\/p>\n<p>Meio-campistas:<\/p>\n<p>Casemiro (Real Madrid)<br \/> Fred (Shakhtar Donetsk)<br \/> Fernandinho (Manchester City)<br \/> Paulinho (Barcelona)<br \/> Renato Augusto (Beijing Guoan)<br \/> Philippe Coutinho (Barcelona)<br \/> Willian (Chelsea)<br \/> Anderson Talisca (Besiktas)<\/p>\n<p>Atacantes:<br \/> Gabriel Jesus (Manchester City)<br \/> Roberto Firmino (Liverpool)<br \/> Douglas Costa (Juventus)<br \/> Willian Jos\u00e9 (Real Sociedad)<br \/> Taison (Shakhtar Donetsk)<\/p>\n<p><strong>Fonte: Gazeta Esportiva<\/strong><\/p>\n","protected":false},"excerpt":{"rendered":"<p>Nesta segunda-feira, 12, na sede da Confedera\u00e7\u00e3o Brasileira de Futebol (CBF) no Rio de Janeiro, Tite divulgou publicamente sua \u00faltima convoca\u00e7\u00e3o antes de anunciar a lista de 23 atletas que ir\u00e3o compor o elenco na disputa da&nbsp;Copa do Mundo da R\u00fassia, onde a Sele\u00e7\u00e3o&nbsp;busca o hexacampeonato Mundial. Os pr\u00f3ximos compromissos ser\u00e3o em amistosos diante de [&hellip;]<\/p>\n","protected":false},"author":96,"featured_media":93736,"comment_status":"closed","ping_status":"closed","sticky":false,"template":"","format":"standard","meta":{"footnotes":""},"categories":[257],"tags":[],"class_list":["post-93737","post","type-post","status-publish","format-standard","has-post-thumbnail","hentry","category-esporte"],"_links":{"self":[{"href":"https:\/\/diarioregionaldigital.com.br\/index.php?rest_route=\/wp\/v2\/posts\/93737","targetHints":{"allow":["GET"]}}],"collection":[{"href":"https:\/\/diarioregionaldigital.com.br\/index.php?rest_route=\/wp\/v2\/posts"}],"about":[{"href":"https:\/\/diarioregionaldigital.com.br\/index.php?rest_route=\/wp\/v2\/types\/post"}],"author":[{"embeddable":true,"href":"https:\/\/diarioregionaldigital.com.br\/index.php?rest_route=\/wp\/v2\/users\/96"}],"replies":[{"embeddable":true,"href":"https:\/\/diarioregionaldigital.com.br\/index.php?rest_route=%2Fwp%2Fv2%2Fcomments&post=93737"}],"version-history":[{"count":0,"href":"https:\/\/diarioregionaldigital.com.br\/index.php?rest_route=\/wp\/v2\/posts\/93737\/revisions"}],"wp:featuredmedia":[{"embeddable":true,"href":"https:\/\/diarioregionaldigital.com.br\/index.php?rest_route=\/wp\/v2\/media\/93736"}],"wp:attachment":[{"href":"https:\/\/diarioregionaldigital.com.br\/index.php?rest_route=%2Fwp%2Fv2%2Fmedia&parent=93737"}],"wp:term":[{"taxonomy":"category","embeddable":true,"href":"https:\/\/diarioregionaldigital.com.br\/index.php?rest_route=%2Fwp%2Fv2%2Fcategories&post=93737"},{"taxonomy":"post_tag","embeddable":true,"href":"https:\/\/diarioregionaldigital.com.br\/index.php?rest_route=%2Fwp%2Fv2%2Ftags&post=93737"}],"curies":[{"name":"wp","href":"https:\/\/api.w.org\/{rel}","templated":true}]}}