{"id":93735,"date":"2018-03-13T17:49:36","date_gmt":"2018-03-13T20:49:36","guid":{"rendered":"http:\/\/diarioregionaljf.com.br\/2018\/03\/13\/copa-pjf-bahamas-de-futsal-participantes-e-familiares-lotam-ginasio-do-jesuitas\/"},"modified":"2018-03-13T17:49:36","modified_gmt":"2018-03-13T20:49:36","slug":"copa-pjf-bahamas-de-futsal-participantes-e-familiares-lotam-ginasio-do-jesuitas","status":"publish","type":"post","link":"https:\/\/diarioregionaldigital.com.br\/?p=93735","title":{"rendered":"Copa PJF Bahamas de Futsal: participantes e familiares lotam Gin\u00e1sio do Jesu\u00edtas"},"content":{"rendered":"<p>No s\u00e1bado, 10, foi realizado o Desfile de Abertura da Copa Prefeitura Bahamas de Futsal, iniciando sua 19\u00aa edi\u00e7\u00e3o. Ao som de cl\u00e1ssicos dos anos 80\/90 e tamb\u00e9m de m\u00fasicas atuais, o p\u00fablico que lotou as arquibancadas do Gin\u00e1sio do Col\u00e9gio dos Jesu\u00edtas, gritou e aplaudiu cada delega\u00e7\u00e3o participante. A rivalidade tamb\u00e9m esteve presente, mas de forma pac\u00edfica e harmoniosa, pois \u00e9 comum ter equipes com nomes de clubes de futebol profissional na competi\u00e7\u00e3o, o que gera um tempero a mais para as torcidas.<\/p>\n<p> O desfile, que contou com a presen\u00e7a do ator Pedro Bismarck interpretando o personagem Nerso da Capitinga, teve apresenta\u00e7\u00e3o de equipes das categorias iniciante e pr\u00e9-mirim, que se posicionaram na quadra em frente ao palco principal, onde estavam as autoridades. O subsecret\u00e1rio de Esporte e Lazer, Tiago Salles Barbosa, fez o discurso de abertura oficial da Copa, lembrando \u201cos professores que fazem a diferen\u00e7a na educa\u00e7\u00e3o esportiva dos alunos\u201d.<\/p>\n<p> \u201cEssa Copa tem um grande nome na regi\u00e3o, e a expectativa \u00e9 sempre grande por conta disso,\u201d informou Rodrigo Coimbra, professor e coordenador do departamento de futsal do Sport Club Juiz de Fora, que este ano participar\u00e1 em quatro categorias.<\/p>\n<p> O destaque do desfile ficou por conta dos projetos da Prefeitura, Gente em Primeiro Lugar n\u00facleo CEU e JF Esporte e Cidadania N\u00facleo Santa Terezinha, que levaram pequenos atletas com muita anima\u00e7\u00e3o.<\/p>\n<p> A &#8220;Copa Prefeitura Bahamas de Futsal&#8221; \u00e9 realizada pela Prefeitura de Juiz de Fora (PJF), atrav\u00e9s da Secretaria de Esporte e Lazer, h\u00e1 mais de 30 anos, sendo que desde 1999 tem a parceria do Grupo Bahamas. \u201cO sucesso dessa parceria \u00e9 justamente o respeito entre as partes, e isso tamb\u00e9m \u00e9 o que leva o evento a atingir o seu objetivo\u201d, explicou o gerente de marketing do Bahamas, Nelson Junior.<\/p>\n<p> A competi\u00e7\u00e3o \u00e9 disputada em v\u00e1rias categorias, tem car\u00e1ter regional e re\u00fane outros munic\u00edpios, como Bicas, Ch\u00e1cara, Coronel Pacheco, Goian\u00e1, Matias Barbosa, Santos Dumont, S\u00e3o Jo\u00e3o Nepomuceno e Tr\u00eas Rios. Este ano, 209 equipes foram confirmadas na Copa.<\/p>\n","protected":false},"excerpt":{"rendered":"<p>No s\u00e1bado, 10, foi realizado o Desfile de Abertura da Copa Prefeitura Bahamas de Futsal, iniciando sua 19\u00aa edi\u00e7\u00e3o. Ao som de cl\u00e1ssicos dos anos 80\/90 e tamb\u00e9m de m\u00fasicas atuais, o p\u00fablico que lotou as arquibancadas do Gin\u00e1sio do Col\u00e9gio dos Jesu\u00edtas, gritou e aplaudiu cada delega\u00e7\u00e3o participante. A rivalidade tamb\u00e9m esteve presente, mas [&hellip;]<\/p>\n","protected":false},"author":96,"featured_media":93734,"comment_status":"closed","ping_status":"closed","sticky":false,"template":"","format":"standard","meta":{"footnotes":""},"categories":[257],"tags":[],"class_list":["post-93735","post","type-post","status-publish","format-standard","has-post-thumbnail","hentry","category-esporte"],"_links":{"self":[{"href":"https:\/\/diarioregionaldigital.com.br\/index.php?rest_route=\/wp\/v2\/posts\/93735","targetHints":{"allow":["GET"]}}],"collection":[{"href":"https:\/\/diarioregionaldigital.com.br\/index.php?rest_route=\/wp\/v2\/posts"}],"about":[{"href":"https:\/\/diarioregionaldigital.com.br\/index.php?rest_route=\/wp\/v2\/types\/post"}],"author":[{"embeddable":true,"href":"https:\/\/diarioregionaldigital.com.br\/index.php?rest_route=\/wp\/v2\/users\/96"}],"replies":[{"embeddable":true,"href":"https:\/\/diarioregionaldigital.com.br\/index.php?rest_route=%2Fwp%2Fv2%2Fcomments&post=93735"}],"version-history":[{"count":0,"href":"https:\/\/diarioregionaldigital.com.br\/index.php?rest_route=\/wp\/v2\/posts\/93735\/revisions"}],"wp:featuredmedia":[{"embeddable":true,"href":"https:\/\/diarioregionaldigital.com.br\/index.php?rest_route=\/wp\/v2\/media\/93734"}],"wp:attachment":[{"href":"https:\/\/diarioregionaldigital.com.br\/index.php?rest_route=%2Fwp%2Fv2%2Fmedia&parent=93735"}],"wp:term":[{"taxonomy":"category","embeddable":true,"href":"https:\/\/diarioregionaldigital.com.br\/index.php?rest_route=%2Fwp%2Fv2%2Fcategories&post=93735"},{"taxonomy":"post_tag","embeddable":true,"href":"https:\/\/diarioregionaldigital.com.br\/index.php?rest_route=%2Fwp%2Fv2%2Ftags&post=93735"}],"curies":[{"name":"wp","href":"https:\/\/api.w.org\/{rel}","templated":true}]}}