{"id":93733,"date":"2018-03-13T14:47:55","date_gmt":"2018-03-13T17:47:55","guid":{"rendered":"http:\/\/diarioregionaljf.com.br\/2018\/03\/13\/prefeitura-de-jf-declara-situacao-de-emergencia-devido-a-febre-amarela\/"},"modified":"2018-03-13T14:47:55","modified_gmt":"2018-03-13T17:47:55","slug":"prefeitura-de-jf-declara-situacao-de-emergencia-devido-a-febre-amarela","status":"publish","type":"post","link":"https:\/\/diarioregionaldigital.com.br\/?p=93733","title":{"rendered":"Prefeitura de JF declara situa\u00e7\u00e3o de emerg\u00eancia devido \u00e0 febre amarela"},"content":{"rendered":"<p>A Prefeitura de Juiz de fora (PJF) estabeleceu \u201cSitua\u00e7\u00e3o de Emerg\u00eancia\u201d devido a febre amarela a partir desta ter\u00e7a-feira, 13, por meio de um decreto publicado nos Atos do Governo.<\/p>\n<p>De acordo com a publica\u00e7\u00e3o, a a\u00e7\u00e3o foi tomada em virtude \u201cdo elevado \u00edndice de registro de casos notificados para febre amarela em toda a regi\u00e3o do entorno de Juiz de Fora e o Decreto n\u00ba 45, de 24 de janeiro de 2018, que o Estado de Minas Gerais declara situa\u00e7\u00e3o de Emerg\u00eancia em Sa\u00fade P\u00fablica Regional na \u00e1rea de abrang\u00eancia de Juiz de Fora\u201d. Al\u00e9m disso, h\u00e1 tamb\u00e9m a preocupa\u00e7\u00e3o com surto de Doen\u00e7as Infecciosas Virais (Casos Prov\u00e1veis de Febre Amarela).<\/p>\n<p>A PJF tamb\u00e9m destacou a\u00e7\u00f5es realizadas no combate \u00e0 doen\u00e7a, como por exemplo, a imuniza\u00e7\u00e3o de 96,87% da popula\u00e7\u00e3o alvo para febre amarela, atrav\u00e9s de grandes campanhas de intensifica\u00e7\u00e3o vacinal e as a\u00e7\u00f5es obrigat\u00f3rias e necess\u00e1rias para o contingenciamento da epidemia de febre amarela realizadas pelo munic\u00edpio desde o ano de 2017.<\/p>\n<p>De acordo com o decreto, o estado de \u201cSitua\u00e7\u00e3o de Emerg\u00eancia\u201d fica estabelecido pelo prazo de 180 dias e durante este tempo, todos os \u00f3rg\u00e3os da administra\u00e7\u00e3o direta e indireta do munic\u00edpio dever\u00e3o promover as a\u00e7\u00f5es que lhes forem demandadas pela Secretaria de Sa\u00fade, em apoio \u00e0s atividades necess\u00e1rias ao combate da febre amarela. Al\u00e9m disso, tamb\u00e9m estar\u00e1 autorizado o remanejamento de servidores p\u00fablicos e prestadores de servi\u00e7o da Administra\u00e7\u00e3o Direta e Indireta para atender \u00e0s demandas priorit\u00e1rias da Secretaria de Sa\u00fade, ficando, ainda, autorizadas as contrata\u00e7\u00f5es emergenciais que se fizerem necess\u00e1rias.<\/p>\n","protected":false},"excerpt":{"rendered":"<p>A Prefeitura de Juiz de fora (PJF) estabeleceu \u201cSitua\u00e7\u00e3o de Emerg\u00eancia\u201d devido a febre amarela a partir desta ter\u00e7a-feira, 13, por meio de um decreto publicado nos Atos do Governo. De acordo com a publica\u00e7\u00e3o, a a\u00e7\u00e3o foi tomada em virtude \u201cdo elevado \u00edndice de registro de casos notificados para febre amarela em toda a [&hellip;]<\/p>\n","protected":false},"author":96,"featured_media":93732,"comment_status":"closed","ping_status":"closed","sticky":false,"template":"","format":"standard","meta":{"footnotes":""},"categories":[253],"tags":[],"class_list":["post-93733","post","type-post","status-publish","format-standard","has-post-thumbnail","hentry","category-cidade"],"_links":{"self":[{"href":"https:\/\/diarioregionaldigital.com.br\/index.php?rest_route=\/wp\/v2\/posts\/93733","targetHints":{"allow":["GET"]}}],"collection":[{"href":"https:\/\/diarioregionaldigital.com.br\/index.php?rest_route=\/wp\/v2\/posts"}],"about":[{"href":"https:\/\/diarioregionaldigital.com.br\/index.php?rest_route=\/wp\/v2\/types\/post"}],"author":[{"embeddable":true,"href":"https:\/\/diarioregionaldigital.com.br\/index.php?rest_route=\/wp\/v2\/users\/96"}],"replies":[{"embeddable":true,"href":"https:\/\/diarioregionaldigital.com.br\/index.php?rest_route=%2Fwp%2Fv2%2Fcomments&post=93733"}],"version-history":[{"count":0,"href":"https:\/\/diarioregionaldigital.com.br\/index.php?rest_route=\/wp\/v2\/posts\/93733\/revisions"}],"wp:featuredmedia":[{"embeddable":true,"href":"https:\/\/diarioregionaldigital.com.br\/index.php?rest_route=\/wp\/v2\/media\/93732"}],"wp:attachment":[{"href":"https:\/\/diarioregionaldigital.com.br\/index.php?rest_route=%2Fwp%2Fv2%2Fmedia&parent=93733"}],"wp:term":[{"taxonomy":"category","embeddable":true,"href":"https:\/\/diarioregionaldigital.com.br\/index.php?rest_route=%2Fwp%2Fv2%2Fcategories&post=93733"},{"taxonomy":"post_tag","embeddable":true,"href":"https:\/\/diarioregionaldigital.com.br\/index.php?rest_route=%2Fwp%2Fv2%2Ftags&post=93733"}],"curies":[{"name":"wp","href":"https:\/\/api.w.org\/{rel}","templated":true}]}}