{"id":93727,"date":"2018-03-13T13:48:23","date_gmt":"2018-03-13T16:48:23","guid":{"rendered":"http:\/\/diarioregionaljf.com.br\/2018\/03\/13\/policia-apreende-no-porto-de-barcelona-680-kg-de-cocaina-procedente-do-brasil\/"},"modified":"2018-03-13T13:48:23","modified_gmt":"2018-03-13T16:48:23","slug":"policia-apreende-no-porto-de-barcelona-680-kg-de-cocaina-procedente-do-brasil","status":"publish","type":"post","link":"https:\/\/diarioregionaldigital.com.br\/?p=93727","title":{"rendered":"Pol\u00edcia apreende no porto de Barcelona 680 kg de coca\u00edna procedente do Brasil"},"content":{"rendered":"<p>A pol\u00edcia espanhola apreendeu no porto de Barcelona um carregamento de 680 quilos de coca\u00edna camuflada em um container de bobinas de papel transportado em um navio que saiu do Brasil. Em colabora\u00e7\u00e3o com funcion\u00e1rios da Ag\u00eancia Tribut\u00e1ria, os policiais inspecionaram v\u00e1rios containers at\u00e9 que encontraram a droga, disseram nessa segunda-feira, 12, as autoridades. A informa\u00e7\u00e3o \u00e9 da<br \/>EFE.<\/p>\n<p>A coca\u00edna tinha entrado no porto de Barcelona atrav\u00e9s do m\u00e9todo conhecido &#8220;rip off&#8221; ou &#8220;gancho cego&#8221;, que consiste em camuflar a droga no interior de um container com mercadoria legal e declarada. Uma vez no porto, o grupo de narcotraficantes vinculado ao envio se encarrega de retirar o carregamento com coca\u00edna.<\/p>\n<p>A pol\u00edcia investiga agora qual o grupo encarregado de enviar a droga e seus poss\u00edveis c\u00famplices, que deveriam retir\u00e1-la no porto de Barcelona.<\/p>\n<p>Fonte: Ag\u00eancia Brasil<\/p>\n","protected":false},"excerpt":{"rendered":"<p>A pol\u00edcia espanhola apreendeu no porto de Barcelona um carregamento de 680 quilos de coca\u00edna camuflada em um container de bobinas de papel transportado em um navio que saiu do Brasil. Em colabora\u00e7\u00e3o com funcion\u00e1rios da Ag\u00eancia Tribut\u00e1ria, os policiais inspecionaram v\u00e1rios containers at\u00e9 que encontraram a droga, disseram nessa segunda-feira, 12, as autoridades. A [&hellip;]<\/p>\n","protected":false},"author":96,"featured_media":93726,"comment_status":"closed","ping_status":"closed","sticky":false,"template":"","format":"standard","meta":{"footnotes":""},"categories":[302],"tags":[],"class_list":["post-93727","post","type-post","status-publish","format-standard","has-post-thumbnail","hentry","category-brasil-mundo"],"_links":{"self":[{"href":"https:\/\/diarioregionaldigital.com.br\/index.php?rest_route=\/wp\/v2\/posts\/93727","targetHints":{"allow":["GET"]}}],"collection":[{"href":"https:\/\/diarioregionaldigital.com.br\/index.php?rest_route=\/wp\/v2\/posts"}],"about":[{"href":"https:\/\/diarioregionaldigital.com.br\/index.php?rest_route=\/wp\/v2\/types\/post"}],"author":[{"embeddable":true,"href":"https:\/\/diarioregionaldigital.com.br\/index.php?rest_route=\/wp\/v2\/users\/96"}],"replies":[{"embeddable":true,"href":"https:\/\/diarioregionaldigital.com.br\/index.php?rest_route=%2Fwp%2Fv2%2Fcomments&post=93727"}],"version-history":[{"count":0,"href":"https:\/\/diarioregionaldigital.com.br\/index.php?rest_route=\/wp\/v2\/posts\/93727\/revisions"}],"wp:featuredmedia":[{"embeddable":true,"href":"https:\/\/diarioregionaldigital.com.br\/index.php?rest_route=\/wp\/v2\/media\/93726"}],"wp:attachment":[{"href":"https:\/\/diarioregionaldigital.com.br\/index.php?rest_route=%2Fwp%2Fv2%2Fmedia&parent=93727"}],"wp:term":[{"taxonomy":"category","embeddable":true,"href":"https:\/\/diarioregionaldigital.com.br\/index.php?rest_route=%2Fwp%2Fv2%2Fcategories&post=93727"},{"taxonomy":"post_tag","embeddable":true,"href":"https:\/\/diarioregionaldigital.com.br\/index.php?rest_route=%2Fwp%2Fv2%2Ftags&post=93727"}],"curies":[{"name":"wp","href":"https:\/\/api.w.org\/{rel}","templated":true}]}}