{"id":93718,"date":"2018-03-13T13:04:13","date_gmt":"2018-03-13T16:04:13","guid":{"rendered":"http:\/\/diarioregionaljf.com.br\/2018\/03\/13\/prefeitura-municipal-de-tocantins-pregao-presencial-n-17-2018\/"},"modified":"2018-08-13T20:38:38","modified_gmt":"2018-08-13T23:38:38","slug":"prefeitura-municipal-de-tocantins-pregao-presencial-n-17-2018","status":"publish","type":"post","link":"https:\/\/diarioregionaldigital.com.br\/?p=93718","title":{"rendered":"PREFEITURA MUNICIPAL DE TOCANTINS Preg\u00e3o Presencial n\u00b0 17\/2018"},"content":{"rendered":"<p>AVISO DE LICITA\u00c7\u00c2O<br \/>Licita\u00e7\u00e3o n\u00b0 24\/2018 &#8211; Modalidade de Preg\u00e3o Presencial n\u00b0 17\/2018<br \/>O Munic\u00edpio de TOCANTINS, na forma da lei, faz saber a todos os interessados que far\u00e1 licita\u00e7\u00e3o na modalidade de preg\u00e3o presencial para registro de pre\u00e7os para fornecimento de materiais de limpeza enunciados no termo de refer\u00eancia do edital para as escolas da rede municipal e Secretaria de Educa\u00e7\u00e3o e Cultura, no dia 27\/03\/2018 as 09:00 horas, na sala da comiss\u00e3o de licita\u00e7\u00e3o, localizada na Av. Padre Mac\u00e1rio, n\u00b0 129, bairro Centro, munic\u00edpio de TOCANTINS. O edital completo encontra-se a disposi\u00e7\u00e3o dos interessados no endere\u00e7o citado anteriormente, no hor\u00e1rio de expediente de 08:00 \u00e0s 11:00 e de 13:00 as 16:00 hrs. TOCANTINS, 12 de mar\u00e7o de 2018. JANSEN PASCHOALINO ROCHA &#8211; PREGOEIRO<\/p>\n","protected":false},"excerpt":{"rendered":"<p>AVISO DE LICITA\u00c7\u00c2OLicita\u00e7\u00e3o n\u00b0 24\/2018 &#8211; Modalidade de Preg\u00e3o Presencial n\u00b0 17\/2018O Munic\u00edpio de TOCANTINS, na forma da lei, faz saber a todos os interessados que far\u00e1 licita\u00e7\u00e3o na modalidade de preg\u00e3o presencial para registro de pre\u00e7os para fornecimento de materiais de limpeza enunciados no termo de refer\u00eancia do edital para as escolas da rede [&hellip;]<\/p>\n","protected":false},"author":96,"featured_media":0,"comment_status":"closed","ping_status":"closed","sticky":false,"template":"","format":"standard","meta":{"footnotes":""},"categories":[307],"tags":[],"class_list":["post-93718","post","type-post","status-publish","format-standard","hentry","category-editais"],"_links":{"self":[{"href":"https:\/\/diarioregionaldigital.com.br\/index.php?rest_route=\/wp\/v2\/posts\/93718","targetHints":{"allow":["GET"]}}],"collection":[{"href":"https:\/\/diarioregionaldigital.com.br\/index.php?rest_route=\/wp\/v2\/posts"}],"about":[{"href":"https:\/\/diarioregionaldigital.com.br\/index.php?rest_route=\/wp\/v2\/types\/post"}],"author":[{"embeddable":true,"href":"https:\/\/diarioregionaldigital.com.br\/index.php?rest_route=\/wp\/v2\/users\/96"}],"replies":[{"embeddable":true,"href":"https:\/\/diarioregionaldigital.com.br\/index.php?rest_route=%2Fwp%2Fv2%2Fcomments&post=93718"}],"version-history":[{"count":0,"href":"https:\/\/diarioregionaldigital.com.br\/index.php?rest_route=\/wp\/v2\/posts\/93718\/revisions"}],"wp:attachment":[{"href":"https:\/\/diarioregionaldigital.com.br\/index.php?rest_route=%2Fwp%2Fv2%2Fmedia&parent=93718"}],"wp:term":[{"taxonomy":"category","embeddable":true,"href":"https:\/\/diarioregionaldigital.com.br\/index.php?rest_route=%2Fwp%2Fv2%2Fcategories&post=93718"},{"taxonomy":"post_tag","embeddable":true,"href":"https:\/\/diarioregionaldigital.com.br\/index.php?rest_route=%2Fwp%2Fv2%2Ftags&post=93718"}],"curies":[{"name":"wp","href":"https:\/\/api.w.org\/{rel}","templated":true}]}}