{"id":93717,"date":"2018-03-13T13:03:14","date_gmt":"2018-03-13T16:03:14","guid":{"rendered":"http:\/\/diarioregionaljf.com.br\/2018\/03\/13\/prefeitura-municipal-de-pirauba-pregao-presencial-n-014-2018\/"},"modified":"2018-08-13T20:38:39","modified_gmt":"2018-08-13T23:38:39","slug":"prefeitura-municipal-de-pirauba-pregao-presencial-n-014-2018","status":"publish","type":"post","link":"https:\/\/diarioregionaldigital.com.br\/?p=93717","title":{"rendered":"PREFEITURA MUNICIPAL DE PIRA\u00daBA Preg\u00e3o Presencial n.\u00ba 014\/2018"},"content":{"rendered":"<p>MUNIC\u00cdPIO DE PIRA\u00daBA \u2013 Publica\u00e7\u00e3o de Licita\u00e7\u00e3o \u2013 Preg\u00e3o Presencial n.\u00ba 014\/2018 \u2013 Processo n.\u00ba 029\/2018 \u2013 Registro de Pre\u00e7os n.\u00ba 010\/2018. Objeto: Registro de pre\u00e7o para conforme a demanda do munic\u00edpio, prestar servi\u00e7os de m\u00e3o de obra para limpeza, conserto e manuten\u00e7\u00e3o em vias p\u00fablicas, logradouros p\u00fablicos, estradas vicinais e pr\u00e9dios p\u00fablicos, a serem executados dentro do munic\u00edpio de Pira\u00faba (per\u00edmetro urbano e rural), conforme especifica\u00e7\u00e3o detalhada constante no Anexo I do edital. Abertura dia 26\/03\/2018 \u00e0s 12:30 horas. Local: Rua Opem\u00e1, 610 \u2013 Centro \u2013 Pira\u00faba \u2013 MG. Informa\u00e7\u00f5es por e-mail compras@pirauba.mg.gov.br ou telefone (32) 3573-1575 de 12:00 as 18:00 h. Pira\u00faba, 12 de Mar\u00e7o de 2018. Adriano Carvalhaes Gravina \u2013 Prefeito Municipal. Fabiana Gon\u00e7alves de Paiva Benevenuto \u2013 Pregoeira.<\/p>\n","protected":false},"excerpt":{"rendered":"<p>MUNIC\u00cdPIO DE PIRA\u00daBA \u2013 Publica\u00e7\u00e3o de Licita\u00e7\u00e3o \u2013 Preg\u00e3o Presencial n.\u00ba 014\/2018 \u2013 Processo n.\u00ba 029\/2018 \u2013 Registro de Pre\u00e7os n.\u00ba 010\/2018. Objeto: Registro de pre\u00e7o para conforme a demanda do munic\u00edpio, prestar servi\u00e7os de m\u00e3o de obra para limpeza, conserto e manuten\u00e7\u00e3o em vias p\u00fablicas, logradouros p\u00fablicos, estradas vicinais e pr\u00e9dios p\u00fablicos, a serem [&hellip;]<\/p>\n","protected":false},"author":96,"featured_media":0,"comment_status":"closed","ping_status":"closed","sticky":false,"template":"","format":"standard","meta":{"footnotes":""},"categories":[307],"tags":[],"class_list":["post-93717","post","type-post","status-publish","format-standard","hentry","category-editais"],"_links":{"self":[{"href":"https:\/\/diarioregionaldigital.com.br\/index.php?rest_route=\/wp\/v2\/posts\/93717","targetHints":{"allow":["GET"]}}],"collection":[{"href":"https:\/\/diarioregionaldigital.com.br\/index.php?rest_route=\/wp\/v2\/posts"}],"about":[{"href":"https:\/\/diarioregionaldigital.com.br\/index.php?rest_route=\/wp\/v2\/types\/post"}],"author":[{"embeddable":true,"href":"https:\/\/diarioregionaldigital.com.br\/index.php?rest_route=\/wp\/v2\/users\/96"}],"replies":[{"embeddable":true,"href":"https:\/\/diarioregionaldigital.com.br\/index.php?rest_route=%2Fwp%2Fv2%2Fcomments&post=93717"}],"version-history":[{"count":0,"href":"https:\/\/diarioregionaldigital.com.br\/index.php?rest_route=\/wp\/v2\/posts\/93717\/revisions"}],"wp:attachment":[{"href":"https:\/\/diarioregionaldigital.com.br\/index.php?rest_route=%2Fwp%2Fv2%2Fmedia&parent=93717"}],"wp:term":[{"taxonomy":"category","embeddable":true,"href":"https:\/\/diarioregionaldigital.com.br\/index.php?rest_route=%2Fwp%2Fv2%2Fcategories&post=93717"},{"taxonomy":"post_tag","embeddable":true,"href":"https:\/\/diarioregionaldigital.com.br\/index.php?rest_route=%2Fwp%2Fv2%2Ftags&post=93717"}],"curies":[{"name":"wp","href":"https:\/\/api.w.org\/{rel}","templated":true}]}}