{"id":93715,"date":"2018-03-13T12:59:38","date_gmt":"2018-03-13T15:59:38","guid":{"rendered":"http:\/\/diarioregionaljf.com.br\/2018\/03\/13\/prefeitura-municipal-de-coronel-pacheco-pregao-presencial-n-009-2018\/"},"modified":"2018-08-13T20:38:39","modified_gmt":"2018-08-13T23:38:39","slug":"prefeitura-municipal-de-coronel-pacheco-pregao-presencial-n-009-2018","status":"publish","type":"post","link":"https:\/\/diarioregionaldigital.com.br\/?p=93715","title":{"rendered":"PREFEITURA MUNICIPAL DE CORONEL PACHECO Preg\u00e3o Presencial n\u00ba 009\/2018"},"content":{"rendered":"<p>AVISO DE LICITA\u00c7\u00c3O<\/p>\n<p>Preg\u00e3o Presencial n\u00ba 009\/2018<\/p>\n<p>O Munic\u00edpio de Coronel Pacheco, por interm\u00e9dio do Pregoeiro Municipal, torna p\u00fablica a realiza\u00e7\u00e3o de PREG\u00c3O PRESENCIAL no dia e hor\u00e1rio abaixo relacionados:<br \/>OBJETO: CONTRATA\u00c7\u00c3O DE EMPRESA PARA PRESTA\u00c7\u00c3O DE SERVI\u00c7OS ESPECIALIZADOS EM AULAS DE MUSICALIZA\u00c7\u00c3O INSTRUMENTAL.<\/p>\n<p>ABERTURA DOS ENVELOPES: 23\/03\/2018<\/p>\n<p>HOR\u00c1RIO: 10:00h<\/p>\n<p>Os interessados poder\u00e3o obter maiores informa\u00e7\u00f5es no setor de licita\u00e7\u00f5es da Prefeitura Municipal de Coronel Pacheco, com sede na Pra\u00e7a Carlos Chagas, n\u00ba 01, Centro, Tel: (32) 3258-1112.<\/p>\n<p>Emerson Correa Gomes<br \/>Pregoeiro<\/p>\n","protected":false},"excerpt":{"rendered":"<p>AVISO DE LICITA\u00c7\u00c3O Preg\u00e3o Presencial n\u00ba 009\/2018 O Munic\u00edpio de Coronel Pacheco, por interm\u00e9dio do Pregoeiro Municipal, torna p\u00fablica a realiza\u00e7\u00e3o de PREG\u00c3O PRESENCIAL no dia e hor\u00e1rio abaixo relacionados:OBJETO: CONTRATA\u00c7\u00c3O DE EMPRESA PARA PRESTA\u00c7\u00c3O DE SERVI\u00c7OS ESPECIALIZADOS EM AULAS DE MUSICALIZA\u00c7\u00c3O INSTRUMENTAL. ABERTURA DOS ENVELOPES: 23\/03\/2018 HOR\u00c1RIO: 10:00h Os interessados poder\u00e3o obter maiores informa\u00e7\u00f5es [&hellip;]<\/p>\n","protected":false},"author":96,"featured_media":0,"comment_status":"closed","ping_status":"closed","sticky":false,"template":"","format":"standard","meta":{"footnotes":""},"categories":[307],"tags":[],"class_list":["post-93715","post","type-post","status-publish","format-standard","hentry","category-editais"],"_links":{"self":[{"href":"https:\/\/diarioregionaldigital.com.br\/index.php?rest_route=\/wp\/v2\/posts\/93715","targetHints":{"allow":["GET"]}}],"collection":[{"href":"https:\/\/diarioregionaldigital.com.br\/index.php?rest_route=\/wp\/v2\/posts"}],"about":[{"href":"https:\/\/diarioregionaldigital.com.br\/index.php?rest_route=\/wp\/v2\/types\/post"}],"author":[{"embeddable":true,"href":"https:\/\/diarioregionaldigital.com.br\/index.php?rest_route=\/wp\/v2\/users\/96"}],"replies":[{"embeddable":true,"href":"https:\/\/diarioregionaldigital.com.br\/index.php?rest_route=%2Fwp%2Fv2%2Fcomments&post=93715"}],"version-history":[{"count":0,"href":"https:\/\/diarioregionaldigital.com.br\/index.php?rest_route=\/wp\/v2\/posts\/93715\/revisions"}],"wp:attachment":[{"href":"https:\/\/diarioregionaldigital.com.br\/index.php?rest_route=%2Fwp%2Fv2%2Fmedia&parent=93715"}],"wp:term":[{"taxonomy":"category","embeddable":true,"href":"https:\/\/diarioregionaldigital.com.br\/index.php?rest_route=%2Fwp%2Fv2%2Fcategories&post=93715"},{"taxonomy":"post_tag","embeddable":true,"href":"https:\/\/diarioregionaldigital.com.br\/index.php?rest_route=%2Fwp%2Fv2%2Ftags&post=93715"}],"curies":[{"name":"wp","href":"https:\/\/api.w.org\/{rel}","templated":true}]}}