{"id":93712,"date":"2018-03-13T12:44:24","date_gmt":"2018-03-13T15:44:24","guid":{"rendered":"http:\/\/diarioregionaljf.com.br\/2018\/03\/13\/dupla-armada-com-facas-assalta-restaurante-na-br-267\/"},"modified":"2018-03-13T12:44:24","modified_gmt":"2018-03-13T15:44:24","slug":"dupla-armada-com-facas-assalta-restaurante-na-br-267","status":"publish","type":"post","link":"https:\/\/diarioregionaldigital.com.br\/?p=93712","title":{"rendered":"Dupla armada com facas assalta restaurante na BR-267"},"content":{"rendered":"<p>Um restaurante localizado na BR-267 foi assaltado por dois homens armados com facas na noite dessa segunda-feira, 12.<\/p>\n<p>De acordo com o relato da propriet\u00e1ria do estabelecimento, uma mulher de 60 anos, \u00e0 Pol\u00edcia Militar (PM), os autores aparentavam ser moradores de rua e tinham os rostos cobertos com panos. Eles invadiram o local e, ap\u00f3s anunciar o assalto, roubaram R$160 e seis ma\u00e7os de cigarro.<\/p>\n<p>Ap\u00f3s a a\u00e7\u00e3o criminosa, a dupla fugiu rumo a um matagal.<\/p>\n","protected":false},"excerpt":{"rendered":"<p>Um restaurante localizado na BR-267 foi assaltado por dois homens armados com facas na noite dessa segunda-feira, 12. De acordo com o relato da propriet\u00e1ria do estabelecimento, uma mulher de 60 anos, \u00e0 Pol\u00edcia Militar (PM), os autores aparentavam ser moradores de rua e tinham os rostos cobertos com panos. Eles invadiram o local e, [&hellip;]<\/p>\n","protected":false},"author":96,"featured_media":93711,"comment_status":"closed","ping_status":"closed","sticky":false,"template":"","format":"standard","meta":{"footnotes":""},"categories":[301],"tags":[],"class_list":["post-93712","post","type-post","status-publish","format-standard","has-post-thumbnail","hentry","category-artigos-policiais"],"_links":{"self":[{"href":"https:\/\/diarioregionaldigital.com.br\/index.php?rest_route=\/wp\/v2\/posts\/93712","targetHints":{"allow":["GET"]}}],"collection":[{"href":"https:\/\/diarioregionaldigital.com.br\/index.php?rest_route=\/wp\/v2\/posts"}],"about":[{"href":"https:\/\/diarioregionaldigital.com.br\/index.php?rest_route=\/wp\/v2\/types\/post"}],"author":[{"embeddable":true,"href":"https:\/\/diarioregionaldigital.com.br\/index.php?rest_route=\/wp\/v2\/users\/96"}],"replies":[{"embeddable":true,"href":"https:\/\/diarioregionaldigital.com.br\/index.php?rest_route=%2Fwp%2Fv2%2Fcomments&post=93712"}],"version-history":[{"count":0,"href":"https:\/\/diarioregionaldigital.com.br\/index.php?rest_route=\/wp\/v2\/posts\/93712\/revisions"}],"wp:featuredmedia":[{"embeddable":true,"href":"https:\/\/diarioregionaldigital.com.br\/index.php?rest_route=\/wp\/v2\/media\/93711"}],"wp:attachment":[{"href":"https:\/\/diarioregionaldigital.com.br\/index.php?rest_route=%2Fwp%2Fv2%2Fmedia&parent=93712"}],"wp:term":[{"taxonomy":"category","embeddable":true,"href":"https:\/\/diarioregionaldigital.com.br\/index.php?rest_route=%2Fwp%2Fv2%2Fcategories&post=93712"},{"taxonomy":"post_tag","embeddable":true,"href":"https:\/\/diarioregionaldigital.com.br\/index.php?rest_route=%2Fwp%2Fv2%2Ftags&post=93712"}],"curies":[{"name":"wp","href":"https:\/\/api.w.org\/{rel}","templated":true}]}}