{"id":93706,"date":"2018-03-13T12:32:19","date_gmt":"2018-03-13T15:32:19","guid":{"rendered":"http:\/\/diarioregionaljf.com.br\/2018\/03\/13\/governo-lanca-programa-para-levar-internet-via-satelite-a-municipios-sem-conexao\/"},"modified":"2018-03-13T12:32:19","modified_gmt":"2018-03-13T15:32:19","slug":"governo-lanca-programa-para-levar-internet-via-satelite-a-municipios-sem-conexao","status":"publish","type":"post","link":"https:\/\/diarioregionaldigital.com.br\/?p=93706","title":{"rendered":"Governo lan\u00e7a programa para levar internet via sat\u00e9lite a munic\u00edpios sem conex\u00e3o"},"content":{"rendered":"<p>O presidente Michel Temer lan\u00e7ou nesta segunda-feira, 12, o programa Internet para Todos, que pretende levar acesso \u00e0 banda larga para locais remotos sem conectividade. Em evento realizado em Bras\u00edlia, Temer tamb\u00e9m sancionou o projeto aprovado no Congresso Nacional que libera R$ 2 bilh\u00f5es para os munic\u00edpios desenvolverem a\u00e7\u00f5es nas \u00e1reas de educa\u00e7\u00e3o, sa\u00fade e assist\u00eancia social.<\/p>\n<p>Temer destacou em seu discurso que est\u00e1 cumprindo com sua palavra de efetivar um programa e dar apoio \u00e0s prefeituras por meio da renegocia\u00e7\u00e3o das d\u00edvidas e do aux\u00edlio financeiro prometido no ano passado.<\/p>\n<p>\u201cEu acho que n\u00f3s estamos colocando o Brasil no mundo moderno, trazendo a modernidade para o pa\u00eds. (&#8230;) Desde 2005 j\u00e1 se falava desse tema de levar a banda larga para todos os munic\u00edpios e escolas p\u00fablicas. Hoje, n\u00f3s podemos comemorar algo que diz respeito aos pa\u00edses mais avan\u00e7ados do mundo, n\u00f3s estamos levando banda larga para todos os munic\u00edpios brasileiros\u201d, declarou Temer.<\/p>\n<p>Compareceram na cerim\u00f4nia 2.471 prefeitos e prefeitas para assinar o termo de ades\u00e3o ao programa que oferecer\u00e1 conex\u00e3o \u00e0 internet com pre\u00e7o reduzido. Segundo o Minist\u00e9rio de Ci\u00eancia, Tecnologia, Inova\u00e7\u00f5es e Comunica\u00e7\u00f5es, at\u00e9 esta segunda feira, quase metade dos munic\u00edpios brasileiros (2.766) cidades conclu\u00edram o cadastro na plataforma e foram consideradas aptos para formalizar a ades\u00e3o ao programa. Confira a lista das cidades divulgada pelo minist\u00e9rio.<\/p>\n<p>Ap\u00f3s a assinatura da ades\u00e3o, a previs\u00e3o \u00e9 que os primeiros munic\u00edpios beneficiados recebam a partir de maio as antenas que permitir\u00e3o a conex\u00e3o. O Minist\u00e9rio espera que sejam instaladas 200 antenas por dia. A conex\u00e3o ser\u00e1 viabilizada pelo Sat\u00e9lite Geoestacion\u00e1rio de Defesa e Comunica\u00e7\u00f5es Estrat\u00e9gias (SGDC), em \u00f3rbita desde maio do ano passado e recebeu, desde ent\u00e3o, R$ 3 bilh\u00f5es em investimentos.<\/p>\n<p>O ministro do MCTIC, Gilberto Kassab, explicou que a conex\u00e3o do sat\u00e9lite tamb\u00e9m atender\u00e1 os minist\u00e9rios da Defesa, da Educa\u00e7\u00e3o e da Sa\u00fade, que firmaram parceria com a pasta de tecnologia para monitorar o tr\u00e1fico nas fronteiras brasileiras, levar internet banda larga a 7 mil escolas p\u00fablicas em 2018, al\u00e9m de implantar internet em hospitais e postos de sa\u00fade.<\/p>\n<p><span style=\"font-size: 18pt;\">Federa\u00e7\u00e3o<\/span><\/p>\n<p>Durante a cerim\u00f4nia, o presidente tamb\u00e9m lembrou que, desde o in\u00edcio do seu governo, defendeu o fortalecimento do princ\u00edpio federativo, com apoio aos estados e munic\u00edpios sem afetar a autonomia da federa\u00e7\u00e3o.<\/p>\n<p>&#8220;Logo no dia que n\u00f3s tomamos posse, eu disse, n\u00f3s vivemos uma federa\u00e7\u00e3o de fachada, n\u00f3s precisamos realizar uma verdadeira federa\u00e7\u00e3o no pa\u00eds. E a Uni\u00e3o ser\u00e1 forte, na medida em que os estados sejam fortes e especialmente os munic\u00edpios sejam fortes. E isso que pregamos no passado e hoje estamos realizando\u201d, enfatizou.<\/p>\n<p>Al\u00e9m dos mais de 2 mil prefeitos, participaram do evento v\u00e1rios ministros, governadores, entre eles, Geraldo Alckmin (S\u00e3o Paulo), l\u00edderes da base governista do Congresso Nacional e o presidente do Senado, Eun\u00edcio Oliveira (MDB-CE).<\/p>\n<p>Fonte: Ag\u00eancia Brasil<\/p>\n","protected":false},"excerpt":{"rendered":"<p>O presidente Michel Temer lan\u00e7ou nesta segunda-feira, 12, o programa Internet para Todos, que pretende levar acesso \u00e0 banda larga para locais remotos sem conectividade. Em evento realizado em Bras\u00edlia, Temer tamb\u00e9m sancionou o projeto aprovado no Congresso Nacional que libera R$ 2 bilh\u00f5es para os munic\u00edpios desenvolverem a\u00e7\u00f5es nas \u00e1reas de educa\u00e7\u00e3o, sa\u00fade e [&hellip;]<\/p>\n","protected":false},"author":96,"featured_media":93705,"comment_status":"closed","ping_status":"closed","sticky":false,"template":"","format":"standard","meta":{"footnotes":""},"categories":[254],"tags":[],"class_list":["post-93706","post","type-post","status-publish","format-standard","has-post-thumbnail","hentry","category-politica"],"_links":{"self":[{"href":"https:\/\/diarioregionaldigital.com.br\/index.php?rest_route=\/wp\/v2\/posts\/93706","targetHints":{"allow":["GET"]}}],"collection":[{"href":"https:\/\/diarioregionaldigital.com.br\/index.php?rest_route=\/wp\/v2\/posts"}],"about":[{"href":"https:\/\/diarioregionaldigital.com.br\/index.php?rest_route=\/wp\/v2\/types\/post"}],"author":[{"embeddable":true,"href":"https:\/\/diarioregionaldigital.com.br\/index.php?rest_route=\/wp\/v2\/users\/96"}],"replies":[{"embeddable":true,"href":"https:\/\/diarioregionaldigital.com.br\/index.php?rest_route=%2Fwp%2Fv2%2Fcomments&post=93706"}],"version-history":[{"count":0,"href":"https:\/\/diarioregionaldigital.com.br\/index.php?rest_route=\/wp\/v2\/posts\/93706\/revisions"}],"wp:featuredmedia":[{"embeddable":true,"href":"https:\/\/diarioregionaldigital.com.br\/index.php?rest_route=\/wp\/v2\/media\/93705"}],"wp:attachment":[{"href":"https:\/\/diarioregionaldigital.com.br\/index.php?rest_route=%2Fwp%2Fv2%2Fmedia&parent=93706"}],"wp:term":[{"taxonomy":"category","embeddable":true,"href":"https:\/\/diarioregionaldigital.com.br\/index.php?rest_route=%2Fwp%2Fv2%2Fcategories&post=93706"},{"taxonomy":"post_tag","embeddable":true,"href":"https:\/\/diarioregionaldigital.com.br\/index.php?rest_route=%2Fwp%2Fv2%2Ftags&post=93706"}],"curies":[{"name":"wp","href":"https:\/\/api.w.org\/{rel}","templated":true}]}}