{"id":93704,"date":"2018-03-13T12:18:18","date_gmt":"2018-03-13T15:18:18","guid":{"rendered":"http:\/\/diarioregionaljf.com.br\/2018\/03\/13\/idosa-morre-apos-desabamento-de-predio-em-rio-pomba\/"},"modified":"2018-03-13T12:18:18","modified_gmt":"2018-03-13T15:18:18","slug":"idosa-morre-apos-desabamento-de-predio-em-rio-pomba","status":"publish","type":"post","link":"https:\/\/diarioregionaldigital.com.br\/?p=93704","title":{"rendered":"Idosa morre ap\u00f3s desabamento de pr\u00e9dio em Rio Pomba"},"content":{"rendered":"<p>A 2\u00aa Cia de bombeiros Militares de Ub\u00e1 foi acionada nesta segunda-feira, 12, pelo Coordenador de Prote\u00e7\u00e3o e Defesa Civil do munic\u00edpio de Rio Pomba que onde nos relatou a ocorr\u00eancia de desabamento de parte de uma edifica\u00e7\u00e3o de dois pavimentos com v\u00edtima. O acionamento ocorreu por volta 18h.<\/p>\n<p>Chegando ao local, foi poss\u00edvel visualizar a v\u00edtima, uma senhora de 76 anos, contudo, a mesma encontrava-se sob os escombros e presa por parte dos materiais provenientes do desabamento (lajes, tijolos e utens\u00edlios dom\u00e9sticos). Diante disso, foi feita a avalia\u00e7\u00e3o, retirada de parte dos materiais que ofereciam risco para as equipes de resgate. Ap\u00f3s tornar o local seguro e acess\u00edvel para as equipes de salvamento foi iniciada a opera\u00e7\u00e3o com objetivo de recupera\u00e7\u00e3o da v\u00edtima.<\/p>\n<p>Pelot\u00e3o de Emerg\u00eancias Ambientais e Resposta a Desastre (PEMAD), tropa especializada e com equipamentos de opera\u00e7\u00f5es em desastres, foi acionado de Juiz de Fora e se juntou aos militares da 2\u00aa Cia BM de Ub\u00e1 para recupera\u00e7\u00e3o da v\u00edtima.<\/p>\n<p>No total s\u00e3o 15 militares que se revezam na retirada dos escombros, escoramento e acesso com objetivo de acessar a v\u00edtima e permitir a sua retirada.<\/p>\n<p>A v\u00edtima foi retirada dos escombros por volta das 23h, ap\u00f3s 4 horas de trabalho dos militares. Ela veio a \u00f3bito no local.<\/p>\n<p>Fonte: Assessoria \/ Corpo de Bombeiros<\/p>\n","protected":false},"excerpt":{"rendered":"<p>A 2\u00aa Cia de bombeiros Militares de Ub\u00e1 foi acionada nesta segunda-feira, 12, pelo Coordenador de Prote\u00e7\u00e3o e Defesa Civil do munic\u00edpio de Rio Pomba que onde nos relatou a ocorr\u00eancia de desabamento de parte de uma edifica\u00e7\u00e3o de dois pavimentos com v\u00edtima. O acionamento ocorreu por volta 18h. Chegando ao local, foi poss\u00edvel visualizar [&hellip;]<\/p>\n","protected":false},"author":96,"featured_media":93703,"comment_status":"closed","ping_status":"closed","sticky":false,"template":"","format":"standard","meta":{"footnotes":""},"categories":[252],"tags":[],"class_list":["post-93704","post","type-post","status-publish","format-standard","has-post-thumbnail","hentry","category-regiao"],"_links":{"self":[{"href":"https:\/\/diarioregionaldigital.com.br\/index.php?rest_route=\/wp\/v2\/posts\/93704","targetHints":{"allow":["GET"]}}],"collection":[{"href":"https:\/\/diarioregionaldigital.com.br\/index.php?rest_route=\/wp\/v2\/posts"}],"about":[{"href":"https:\/\/diarioregionaldigital.com.br\/index.php?rest_route=\/wp\/v2\/types\/post"}],"author":[{"embeddable":true,"href":"https:\/\/diarioregionaldigital.com.br\/index.php?rest_route=\/wp\/v2\/users\/96"}],"replies":[{"embeddable":true,"href":"https:\/\/diarioregionaldigital.com.br\/index.php?rest_route=%2Fwp%2Fv2%2Fcomments&post=93704"}],"version-history":[{"count":0,"href":"https:\/\/diarioregionaldigital.com.br\/index.php?rest_route=\/wp\/v2\/posts\/93704\/revisions"}],"wp:featuredmedia":[{"embeddable":true,"href":"https:\/\/diarioregionaldigital.com.br\/index.php?rest_route=\/wp\/v2\/media\/93703"}],"wp:attachment":[{"href":"https:\/\/diarioregionaldigital.com.br\/index.php?rest_route=%2Fwp%2Fv2%2Fmedia&parent=93704"}],"wp:term":[{"taxonomy":"category","embeddable":true,"href":"https:\/\/diarioregionaldigital.com.br\/index.php?rest_route=%2Fwp%2Fv2%2Fcategories&post=93704"},{"taxonomy":"post_tag","embeddable":true,"href":"https:\/\/diarioregionaldigital.com.br\/index.php?rest_route=%2Fwp%2Fv2%2Ftags&post=93704"}],"curies":[{"name":"wp","href":"https:\/\/api.w.org\/{rel}","templated":true}]}}