{"id":93702,"date":"2018-03-13T12:02:15","date_gmt":"2018-03-13T15:02:15","guid":{"rendered":"http:\/\/diarioregionaljf.com.br\/2018\/03\/13\/adolescente-de-16-anos-e-detido-por-trafico-de-drogas-no-vitorino-braga\/"},"modified":"2018-03-13T12:02:15","modified_gmt":"2018-03-13T15:02:15","slug":"adolescente-de-16-anos-e-detido-por-trafico-de-drogas-no-vitorino-braga","status":"publish","type":"post","link":"https:\/\/diarioregionaldigital.com.br\/?p=93702","title":{"rendered":"Adolescente de 16 anos \u00e9 detido por tr\u00e1fico de drogas no Vitorino Braga"},"content":{"rendered":"<p>Um adolescente de 16 anos foi detido por tr\u00e1fico de drogas no bairro Vitorino Braga, zona Leste de Juiz de Fora, na madrugada desta ter\u00e7a-feira, 13.<\/p>\n<p>De acordo com informa\u00e7\u00f5es da Pol\u00edcia Militar (PM), o menor foi abordado na Pra\u00e7a Senador Teot\u00f4nio Vilela. Com ele foram encontradas 86 pedras de crack e a quantia de R$104.<\/p>\n","protected":false},"excerpt":{"rendered":"<p>Um adolescente de 16 anos foi detido por tr\u00e1fico de drogas no bairro Vitorino Braga, zona Leste de Juiz de Fora, na madrugada desta ter\u00e7a-feira, 13. De acordo com informa\u00e7\u00f5es da Pol\u00edcia Militar (PM), o menor foi abordado na Pra\u00e7a Senador Teot\u00f4nio Vilela. Com ele foram encontradas 86 pedras de crack e a quantia de [&hellip;]<\/p>\n","protected":false},"author":96,"featured_media":93701,"comment_status":"closed","ping_status":"closed","sticky":false,"template":"","format":"standard","meta":{"footnotes":""},"categories":[301],"tags":[],"class_list":["post-93702","post","type-post","status-publish","format-standard","has-post-thumbnail","hentry","category-artigos-policiais"],"_links":{"self":[{"href":"https:\/\/diarioregionaldigital.com.br\/index.php?rest_route=\/wp\/v2\/posts\/93702","targetHints":{"allow":["GET"]}}],"collection":[{"href":"https:\/\/diarioregionaldigital.com.br\/index.php?rest_route=\/wp\/v2\/posts"}],"about":[{"href":"https:\/\/diarioregionaldigital.com.br\/index.php?rest_route=\/wp\/v2\/types\/post"}],"author":[{"embeddable":true,"href":"https:\/\/diarioregionaldigital.com.br\/index.php?rest_route=\/wp\/v2\/users\/96"}],"replies":[{"embeddable":true,"href":"https:\/\/diarioregionaldigital.com.br\/index.php?rest_route=%2Fwp%2Fv2%2Fcomments&post=93702"}],"version-history":[{"count":0,"href":"https:\/\/diarioregionaldigital.com.br\/index.php?rest_route=\/wp\/v2\/posts\/93702\/revisions"}],"wp:featuredmedia":[{"embeddable":true,"href":"https:\/\/diarioregionaldigital.com.br\/index.php?rest_route=\/wp\/v2\/media\/93701"}],"wp:attachment":[{"href":"https:\/\/diarioregionaldigital.com.br\/index.php?rest_route=%2Fwp%2Fv2%2Fmedia&parent=93702"}],"wp:term":[{"taxonomy":"category","embeddable":true,"href":"https:\/\/diarioregionaldigital.com.br\/index.php?rest_route=%2Fwp%2Fv2%2Fcategories&post=93702"},{"taxonomy":"post_tag","embeddable":true,"href":"https:\/\/diarioregionaldigital.com.br\/index.php?rest_route=%2Fwp%2Fv2%2Ftags&post=93702"}],"curies":[{"name":"wp","href":"https:\/\/api.w.org\/{rel}","templated":true}]}}