{"id":93700,"date":"2018-03-13T11:48:09","date_gmt":"2018-03-13T14:48:09","guid":{"rendered":"http:\/\/diarioregionaljf.com.br\/2018\/03\/13\/mulher-de-27-anos-e-sequestrada-por-ex-companheiro-no-linhares\/"},"modified":"2018-03-13T11:48:09","modified_gmt":"2018-03-13T14:48:09","slug":"mulher-de-27-anos-e-sequestrada-por-ex-companheiro-no-linhares","status":"publish","type":"post","link":"https:\/\/diarioregionaldigital.com.br\/?p=93700","title":{"rendered":"Mulher de 27 anos \u00e9 sequestrada por ex-companheiro no Linhares"},"content":{"rendered":"<p>Uma mulher de 27 anos foi agredida e sequestrada pelo ex-companheiro, no bairro Linhares, zona Leste, na manh\u00e3 dessa segunda-feira, 12.<\/p>\n<p>Conforme informa\u00e7\u00f5es da Pol\u00edcia Militar (PM), a irm\u00e3 da mulher relatou que o suspeito, acompanhado de outro homem, invadiu sua resid\u00eancia. Mediante amea\u00e7as, eles agarraram a v\u00edtima pelos cabelos, agredindo-a com socos e chutes. Na sequ\u00eancia, arrastaram-na para fora da casa, a colocaram em um carro e fugiram.<\/p>\n<p>Ainda de acordo com a irm\u00e3 da v\u00edtima, o crime teria sido motivado pelo t\u00e9rmino do relacionamento. Por meio das informa\u00e7\u00f5es repassadas por ela, uma guarni\u00e7\u00e3o se deslocou para um apartamento na Avenida Oleg\u00e1rio Maciel, vindo a localizar os autores e a v\u00edtima no interior do local.<\/p>\n<p>Os dois homens foram presos em flagrante e conduzidos \u00e0 delegacia. No interior da resid\u00eancia os policiais localizaram drogas, arma branca e celulares. O ve\u00edculo usado no sequestro foi apreendido.<\/p>\n","protected":false},"excerpt":{"rendered":"<p>Uma mulher de 27 anos foi agredida e sequestrada pelo ex-companheiro, no bairro Linhares, zona Leste, na manh\u00e3 dessa segunda-feira, 12. Conforme informa\u00e7\u00f5es da Pol\u00edcia Militar (PM), a irm\u00e3 da mulher relatou que o suspeito, acompanhado de outro homem, invadiu sua resid\u00eancia. Mediante amea\u00e7as, eles agarraram a v\u00edtima pelos cabelos, agredindo-a com socos e chutes. [&hellip;]<\/p>\n","protected":false},"author":96,"featured_media":93699,"comment_status":"closed","ping_status":"closed","sticky":false,"template":"","format":"standard","meta":{"footnotes":""},"categories":[301],"tags":[],"class_list":["post-93700","post","type-post","status-publish","format-standard","has-post-thumbnail","hentry","category-artigos-policiais"],"_links":{"self":[{"href":"https:\/\/diarioregionaldigital.com.br\/index.php?rest_route=\/wp\/v2\/posts\/93700","targetHints":{"allow":["GET"]}}],"collection":[{"href":"https:\/\/diarioregionaldigital.com.br\/index.php?rest_route=\/wp\/v2\/posts"}],"about":[{"href":"https:\/\/diarioregionaldigital.com.br\/index.php?rest_route=\/wp\/v2\/types\/post"}],"author":[{"embeddable":true,"href":"https:\/\/diarioregionaldigital.com.br\/index.php?rest_route=\/wp\/v2\/users\/96"}],"replies":[{"embeddable":true,"href":"https:\/\/diarioregionaldigital.com.br\/index.php?rest_route=%2Fwp%2Fv2%2Fcomments&post=93700"}],"version-history":[{"count":0,"href":"https:\/\/diarioregionaldigital.com.br\/index.php?rest_route=\/wp\/v2\/posts\/93700\/revisions"}],"wp:featuredmedia":[{"embeddable":true,"href":"https:\/\/diarioregionaldigital.com.br\/index.php?rest_route=\/wp\/v2\/media\/93699"}],"wp:attachment":[{"href":"https:\/\/diarioregionaldigital.com.br\/index.php?rest_route=%2Fwp%2Fv2%2Fmedia&parent=93700"}],"wp:term":[{"taxonomy":"category","embeddable":true,"href":"https:\/\/diarioregionaldigital.com.br\/index.php?rest_route=%2Fwp%2Fv2%2Fcategories&post=93700"},{"taxonomy":"post_tag","embeddable":true,"href":"https:\/\/diarioregionaldigital.com.br\/index.php?rest_route=%2Fwp%2Fv2%2Ftags&post=93700"}],"curies":[{"name":"wp","href":"https:\/\/api.w.org\/{rel}","templated":true}]}}