{"id":93698,"date":"2018-03-13T11:06:06","date_gmt":"2018-03-13T14:06:06","guid":{"rendered":"http:\/\/diarioregionaljf.com.br\/2018\/03\/13\/homem-rouba-r-500-em-estabelecimento-na-halfeld\/"},"modified":"2018-03-13T11:06:06","modified_gmt":"2018-03-13T14:06:06","slug":"homem-rouba-r-500-em-estabelecimento-na-halfeld","status":"publish","type":"post","link":"https:\/\/diarioregionaldigital.com.br\/?p=93698","title":{"rendered":"Homem rouba R$500 em estabelecimento na Halfeld"},"content":{"rendered":"<p>Um estabelecimento de venda de passagens localizado em um centro comercial da Rua Halfeld, regi\u00e3o central de Juiz de Fora, foi assaltado no final da tarde dessa segunda-feira, 12.<\/p>\n<p>De acordo com o Boletim de Ocorr\u00eancia (BO) da Pol\u00edcia Militar (PM), as v\u00edtimas, dois homens, de 35 e 61 anos, relataram que um indiv\u00edduo entrou na loja e perguntou sobre valores de passagens. Na sequ\u00eancia, o autor permaneceu sentado no interior do estabelecimento.<\/p>\n<p>Quando uma das v\u00edtimas saiu da cabine de atendimento, deixando a porta aberta, o assaltante entrou no local e anunciou o assalto, subtraindo a quantia de R$500.<\/p>\n<p>O autor fugiu em rumo ignorado. Foi realizado rastreamento, mas o mesmo n\u00e3o foi localizado.<\/p>\n","protected":false},"excerpt":{"rendered":"<p>Um estabelecimento de venda de passagens localizado em um centro comercial da Rua Halfeld, regi\u00e3o central de Juiz de Fora, foi assaltado no final da tarde dessa segunda-feira, 12. De acordo com o Boletim de Ocorr\u00eancia (BO) da Pol\u00edcia Militar (PM), as v\u00edtimas, dois homens, de 35 e 61 anos, relataram que um indiv\u00edduo entrou [&hellip;]<\/p>\n","protected":false},"author":96,"featured_media":93697,"comment_status":"closed","ping_status":"closed","sticky":false,"template":"","format":"standard","meta":{"footnotes":""},"categories":[301],"tags":[],"class_list":["post-93698","post","type-post","status-publish","format-standard","has-post-thumbnail","hentry","category-artigos-policiais"],"_links":{"self":[{"href":"https:\/\/diarioregionaldigital.com.br\/index.php?rest_route=\/wp\/v2\/posts\/93698","targetHints":{"allow":["GET"]}}],"collection":[{"href":"https:\/\/diarioregionaldigital.com.br\/index.php?rest_route=\/wp\/v2\/posts"}],"about":[{"href":"https:\/\/diarioregionaldigital.com.br\/index.php?rest_route=\/wp\/v2\/types\/post"}],"author":[{"embeddable":true,"href":"https:\/\/diarioregionaldigital.com.br\/index.php?rest_route=\/wp\/v2\/users\/96"}],"replies":[{"embeddable":true,"href":"https:\/\/diarioregionaldigital.com.br\/index.php?rest_route=%2Fwp%2Fv2%2Fcomments&post=93698"}],"version-history":[{"count":0,"href":"https:\/\/diarioregionaldigital.com.br\/index.php?rest_route=\/wp\/v2\/posts\/93698\/revisions"}],"wp:featuredmedia":[{"embeddable":true,"href":"https:\/\/diarioregionaldigital.com.br\/index.php?rest_route=\/wp\/v2\/media\/93697"}],"wp:attachment":[{"href":"https:\/\/diarioregionaldigital.com.br\/index.php?rest_route=%2Fwp%2Fv2%2Fmedia&parent=93698"}],"wp:term":[{"taxonomy":"category","embeddable":true,"href":"https:\/\/diarioregionaldigital.com.br\/index.php?rest_route=%2Fwp%2Fv2%2Fcategories&post=93698"},{"taxonomy":"post_tag","embeddable":true,"href":"https:\/\/diarioregionaldigital.com.br\/index.php?rest_route=%2Fwp%2Fv2%2Ftags&post=93698"}],"curies":[{"name":"wp","href":"https:\/\/api.w.org\/{rel}","templated":true}]}}