{"id":93695,"date":"2018-03-12T19:56:16","date_gmt":"2018-03-12T22:56:16","guid":{"rendered":"http:\/\/diarioregionaljf.com.br\/2018\/03\/12\/jovens-empreendedores\/"},"modified":"2018-03-12T19:56:16","modified_gmt":"2018-03-12T22:56:16","slug":"jovens-empreendedores","status":"publish","type":"post","link":"https:\/\/diarioregionaldigital.com.br\/?p=93695","title":{"rendered":"Jovens Empreendedores"},"content":{"rendered":"<p>Um grupo de l\u00edderes jovens do mercado foi recebido para o Jantar dos Influenciers, realizado com gabarito no Bosque Imperial em Juiz de Fora. Os anfitri\u00f5es S\u00e9rgio Mendes e Fab\u00edula Holler Mendes promoveram rodadas de bate-papo com drinques e muito alto astral. As fotos registram.<\/p>\n<p><img loading=\"lazy\" decoding=\"async\" class=\" size-full wp-image-93692\" src=\"http:\/\/diarioregionaljf.com.br\/wp-content\/uploads\/2018\/03\/diario-int-24998-1.jpg\" alt=\"fotoa.jpg\" style=\"display: block; margin-left: auto; margin-right: auto;\" width=\"676\" height=\"450\" srcset=\"https:\/\/diarioregionaldigital.com.br\/wp-content\/uploads\/2018\/03\/diario-int-24998-1.jpg 676w, https:\/\/diarioregionaldigital.com.br\/wp-content\/uploads\/2018\/03\/diario-int-24998-1-300x200.jpg 300w, https:\/\/diarioregionaldigital.com.br\/wp-content\/uploads\/2018\/03\/diario-int-24998-1-360x240.jpg 360w\" sizes=\"auto, (max-width: 676px) 100vw, 676px\" \/>&nbsp; &nbsp; &nbsp; &nbsp; &nbsp; &nbsp; &nbsp; &nbsp; &nbsp; &nbsp; &nbsp; &nbsp; &nbsp; &nbsp; &nbsp; &nbsp; &nbsp; &nbsp; &nbsp; &nbsp; &nbsp; &nbsp; &nbsp; &nbsp; &nbsp; &nbsp; &nbsp; Os din\u00e2micos Rafael Rodrigues,&nbsp;Paula Mendes e Rafael Ferrer<\/p>\n<p>&nbsp;<\/p>\n<p style=\"text-align: center;\"><img loading=\"lazy\" decoding=\"async\" class=\" size-full wp-image-93693\" src=\"http:\/\/diarioregionaljf.com.br\/wp-content\/uploads\/2018\/03\/diario-int-24998-2.jpg\" alt=\"fotob.jpg\" style=\"display: block; margin-left: auto; margin-right: auto;\" width=\"676\" height=\"450\" srcset=\"https:\/\/diarioregionaldigital.com.br\/wp-content\/uploads\/2018\/03\/diario-int-24998-2.jpg 676w, https:\/\/diarioregionaldigital.com.br\/wp-content\/uploads\/2018\/03\/diario-int-24998-2-300x200.jpg 300w, https:\/\/diarioregionaldigital.com.br\/wp-content\/uploads\/2018\/03\/diario-int-24998-2-360x240.jpg 360w\" sizes=\"auto, (max-width: 676px) 100vw, 676px\" \/>Tiago Gouv\u00eaa, John Pauller,&nbsp;Tatiana Leite e Priscilla Pinheiro,&nbsp;em cena social<\/p>\n<p>&nbsp;<\/p>\n<p style=\"text-align: center;\"><img loading=\"lazy\" decoding=\"async\" class=\" size-full wp-image-93694\" src=\"http:\/\/diarioregionaljf.com.br\/wp-content\/uploads\/2018\/03\/diario-int-24998-3.jpg\" alt=\"fotoc.jpg\" style=\"display: block; margin-left: auto; margin-right: auto;\" width=\"676\" height=\"450\" srcset=\"https:\/\/diarioregionaldigital.com.br\/wp-content\/uploads\/2018\/03\/diario-int-24998-3.jpg 676w, https:\/\/diarioregionaldigital.com.br\/wp-content\/uploads\/2018\/03\/diario-int-24998-3-300x200.jpg 300w, https:\/\/diarioregionaldigital.com.br\/wp-content\/uploads\/2018\/03\/diario-int-24998-3-360x240.jpg 360w\" sizes=\"auto, (max-width: 676px) 100vw, 676px\" \/>Victor Fisch, Nana Biaggi, S\u00e9rgio Mendes e Fab\u00edula Holler, marcando presen\u00e7a<\/p>\n<hr \/>\n<h4>NO AR<\/h4>\n<p>O ministro dos Transportes, Maur\u00edcio Quintella, defende a libera\u00e7\u00e3o de capital estrangeiro para empresas a\u00e9reas e diz que h\u00e1 duas companhias de baixo custo dispostas a voar para c\u00e1. Para ele, o futuro das privatiza\u00e7\u00f5es est\u00e1 nas m\u00e3os do TCU. Ele afirma que a burocracia e a falta de entendimento com outros \u00f3rg\u00e3os atrasam o desenvolvimento da infraestrutura no Brasil.<\/p>\n<hr \/>\n<h4>DICA<\/h4>\n<p>Especialistas dizem que quem publica seis selfies ou mais por dia, sofre de uma doen\u00e7a chamada selfietis cr\u00f4nica e provoca transtorno mental.<\/p>\n<hr \/>\n<h4>BREU DO BOM<\/h4>\n<p>Segundo o designer de interiores Rodrigo Bissoli, a cor preta pode ganhar destaque em todos os cantos da casa ou aparecer apenas em alguns m\u00f3veis e objetos, como tapetes, pap\u00e9is de parede e pe\u00e7as de decora\u00e7\u00e3o. Se trabalhada de forma harm\u00f4nica, serve para inspirar ambientes neutros e cheios de personalidades.<\/p>\n<hr \/>\n<h4>PARA SABER<\/h4>\n<p>O curso Gest\u00e3o Estrat\u00e9gica em Neg\u00f3cios de Moda, coordenado pela pesquisadora Paula Acioli da FGV, completa dez anos a toda. No fim do m\u00eas, ela inicia uma nova turma de futuros executivos de moda, que estudar\u00e3o temas como Design Estrat\u00e9gico: Neuroci\u00eancia, Direito de Moda e Gest\u00e3o de Reputa\u00e7\u00e3o Corporativa.<\/p>\n<hr \/>\n<h4>CHEGOU CHEGANDO<\/h4>\n<p>O reitor Marcus David recepcionou os quase tr\u00eas mil calouros da UFJF, com participa\u00e7\u00e3o especial da Drag Queen Femmenino e o Grupo Ingoma, na Pra\u00e7a C\u00edvica. De brinde, cada aluno recebeu caneca para uso no Restaurante Universit\u00e1rio (RU).<\/p>\n<hr \/>\n<h4>DOCE MODA<\/h4>\n<p>Olha s\u00f3: chocolate estampado quem n\u00e3o quer? A Bel Carvalho, criadora da Bel Trufas e a loja Cant\u00e3o, lan\u00e7a uma linha de barras de chocolate com embalagens coloridas com os desenhos da cole\u00e7\u00e3o da marca carioca. Tem a vers\u00e3o amarga (56% de cacau) e ao leite com peda\u00e7os de caramelo. Com slogan \u201cViver bem\u201d, faz sucesso total.<\/p>\n<hr \/>\n<h4>&nbsp;FOTOSS\u00cdNTESE<\/h4>\n<p>\u2022 Saud\u00e1veis e disciplinados, os atletas da Vidativa, Ant\u00f4nio Bravo e Hugo Amaral, conquistaram o primeiro e quinto lugares, no disputado Campeonato Carioca de Aquathlon.<\/p>\n<p>\u2022 Maquiadora das estrelas, Gleicy Bachini est\u00e1 com uma promo\u00e7\u00e3o incr\u00edvel para o m\u00eas da mulher. A maquiagem social est\u00e1 com 15% de desconto. Para agendar use o Whats 98892-8240.<\/p>\n<p>\u2022 A Faculdade Salgado Filho (Universo) serviu de cen\u00e1rio para a prestigiada palestra do infectologista Guilherme Cortes, que abordou de forma clara as estrat\u00e9gias, preven\u00e7\u00e3o e situa\u00e7\u00e3o da febre amarela.<\/p>\n<p>\u2022 Repercutindo na cidade, a Roda de Conversa com o tema Protagonismo Feminino, avan\u00e7os e Desafios, realizado na Est\u00e1cio. A mediadora foi a prof. Aline Maia com as participantes: Alessandra Brun (m\u00e9dica), Andrea Rocha (empres\u00e1ria), Simone Fernandes (empres\u00e1ria) e Selma Flutt (Docente e Designer).<\/p>\n<p>\u2022 A Orquestra Sylvio Gomes e o incr\u00edvel Dudu Lima levaram refinamento musical na inaugura\u00e7\u00e3o do Teatro Paschoal Carlos Magno. Aplausos.<\/p>\n<p>\u2022 Din\u00e2mica e elegante, a estilista Carol Hungria apresenta, dia 15, no F\u00e1tima Buffet, talk show com o tema \u201cA escolha do vestido perfeito\u201d.<\/p>\n<p>\u2022 Dignos de elogios, os juiz-foranos Felipe Vargas, Fernando Fernandes e Fl\u00e1via Ara\u00fajo do F Studio venceram premia\u00e7\u00e3o nacional de design com estante feita em madeira, ferro, couro, a\u00e7o, lat\u00e3o e concreto.<\/p>\n<p>\u2022 Sempre colaborando com as institui\u00e7\u00f5es filantr\u00f3picas da cidade, o Rodovi\u00e1rio Camilo dos Santos assumiu a gincana do Universitarius, que acontece dia 1\u00ba de maio em Juiz de Fora.<\/p>\n<p>\u2022 Os chocolates finos da Grenoble no Braz Shopping est\u00e3o na lista para presentes de P\u00e1scoa em forma de ovos, bombons e lindas lembrancinhas, mantendo tradi\u00e7\u00e3o dos melhores chocolates de Juiz de Fora.<\/p>\n<p>\u2022 Para incluir: Com ou sem exagero, h\u00e1 uma hora que precisa ser aproveitada apenas para descansar e curtir a paz. Bom dia.<\/p>\n","protected":false},"excerpt":{"rendered":"<p>Um grupo de l\u00edderes jovens do mercado foi recebido para o Jantar dos Influenciers, realizado com gabarito no Bosque Imperial em Juiz de Fora. Os anfitri\u00f5es S\u00e9rgio Mendes e Fab\u00edula Holler Mendes promoveram rodadas de bate-papo com drinques e muito alto astral. As fotos registram. &nbsp; &nbsp; &nbsp; &nbsp; &nbsp; &nbsp; &nbsp; &nbsp; &nbsp; &nbsp; [&hellip;]<\/p>\n","protected":false},"author":96,"featured_media":93691,"comment_status":"closed","ping_status":"closed","sticky":false,"template":"","format":"standard","meta":{"footnotes":""},"categories":[264],"tags":[],"class_list":["post-93695","post","type-post","status-publish","format-standard","has-post-thumbnail","hentry","category-eduardo-gomes"],"_links":{"self":[{"href":"https:\/\/diarioregionaldigital.com.br\/index.php?rest_route=\/wp\/v2\/posts\/93695","targetHints":{"allow":["GET"]}}],"collection":[{"href":"https:\/\/diarioregionaldigital.com.br\/index.php?rest_route=\/wp\/v2\/posts"}],"about":[{"href":"https:\/\/diarioregionaldigital.com.br\/index.php?rest_route=\/wp\/v2\/types\/post"}],"author":[{"embeddable":true,"href":"https:\/\/diarioregionaldigital.com.br\/index.php?rest_route=\/wp\/v2\/users\/96"}],"replies":[{"embeddable":true,"href":"https:\/\/diarioregionaldigital.com.br\/index.php?rest_route=%2Fwp%2Fv2%2Fcomments&post=93695"}],"version-history":[{"count":0,"href":"https:\/\/diarioregionaldigital.com.br\/index.php?rest_route=\/wp\/v2\/posts\/93695\/revisions"}],"wp:featuredmedia":[{"embeddable":true,"href":"https:\/\/diarioregionaldigital.com.br\/index.php?rest_route=\/wp\/v2\/media\/93691"}],"wp:attachment":[{"href":"https:\/\/diarioregionaldigital.com.br\/index.php?rest_route=%2Fwp%2Fv2%2Fmedia&parent=93695"}],"wp:term":[{"taxonomy":"category","embeddable":true,"href":"https:\/\/diarioregionaldigital.com.br\/index.php?rest_route=%2Fwp%2Fv2%2Fcategories&post=93695"},{"taxonomy":"post_tag","embeddable":true,"href":"https:\/\/diarioregionaldigital.com.br\/index.php?rest_route=%2Fwp%2Fv2%2Ftags&post=93695"}],"curies":[{"name":"wp","href":"https:\/\/api.w.org\/{rel}","templated":true}]}}