{"id":93690,"date":"2018-03-12T19:01:03","date_gmt":"2018-03-12T22:01:03","guid":{"rendered":"http:\/\/diarioregionaljf.com.br\/2018\/03\/12\/reforma-da-previdencia-podera-ser-mais-profunda-no-proximo-governo-diz-relator\/"},"modified":"2018-03-12T19:01:03","modified_gmt":"2018-03-12T22:01:03","slug":"reforma-da-previdencia-podera-ser-mais-profunda-no-proximo-governo-diz-relator","status":"publish","type":"post","link":"https:\/\/diarioregionaldigital.com.br\/?p=93690","title":{"rendered":"Reforma da Previd\u00eancia poder\u00e1 ser mais profunda no pr\u00f3ximo governo, diz relator"},"content":{"rendered":"<p>O deputado federal Arthur Maia (PPS-BA), relator da Reforma da Previd\u00eancia na C\u00e2mara, disse nessa segunda-feira, 12, acreditar que o pr\u00f3ximo governo ter\u00e1 capital pol\u00edtico suficiente para aprovar a reforma, mas previu que ela ser\u00e1 mais profunda do que a que est\u00e1 em discuss\u00e3o. Maia participou do semin\u00e1rio Reforma da Previd\u00eancia: uma reflex\u00e3o necess\u00e1ria, na Funda\u00e7\u00e3o Get\u00falio Vargas, no Rio de Janeiro.<\/p>\n<p>Na opini\u00e3o do parlamentar, o pr\u00f3ximo governo ter\u00e1 condi\u00e7\u00f5es pol\u00edticas de fazer uma reforma mais dura e aprovar\u00e1 um projeto diferente do que consta no parecer em discuss\u00e3o na C\u00e2mara dos Deputados, assinado por ele. &#8220;Certamente, se far\u00e1 outra reforma. Ao meu ver, ser\u00e1 uma reforma mais dura e muito mais profunda&#8221;, disse ele, que acrescentou: &#8220;O novo presidente eleito entra com todo o capital pol\u00edtico para adotar as medidas que sejam necess\u00e1rias. N\u00e3o importa qual seja o vi\u00e9s ideol\u00f3gico de quem se eleja, tenho convic\u00e7\u00e3o de que ser\u00e1 uma reforma muito mais profunda que a que consta no meu parecer.&#8221;<\/p>\n<p>A legisla\u00e7\u00e3o determina que, em fun\u00e7\u00e3o da interven\u00e7\u00e3o federal na seguran\u00e7a p\u00fablica do estado do Rio, o Congresso n\u00e3o pode promover altera\u00e7\u00e3o \u00e0 Constitui\u00e7\u00e3o, como \u00e9 o caso da Reforma da Previd\u00eancia. Maia afirmou que n\u00e3o tratou da possibilidade de suspens\u00e3o da interven\u00e7\u00e3o para votar a reforma com ningu\u00e9m e foi enf\u00e1tico ao apontar que o governo n\u00e3o tem os 308 votos necess\u00e1rios para aprovar a reforma na C\u00e2mara.<\/p>\n<p>&#8220;N\u00e3o temos votos. N\u00e3o adianta. O governo n\u00e3o tem os 308 votos. J\u00e1 fiz essa conta de baixo pra cima, de cima pra baixo, de norte para sul e de leste para oeste. N\u00e3o temos votos&#8221;, disse o deputado, que n\u00e3o descartou a possibilidade de o cen\u00e1rio mudar ap\u00f3s as elei\u00e7\u00f5es: &#8220;Depois da elei\u00e7\u00e3o \u00e9 outro planeta. Ser\u00e1 outra realidade totalmente diferente&#8221;.<\/p>\n<p>\u00c0 noite o secret\u00e1rio de Previd\u00eancia do Minist\u00e9rio da Fazenda, Marcelo Caetano, far\u00e1 uma palestra no mesmo semin\u00e1rio. Durante a manh\u00e3, Caetano conversou com jornalistas e enfatizou que, apesar da interven\u00e7\u00e3o, a reforma permanece como uma pauta priorit\u00e1ria para o governo.<\/p>\n<p>Ele disse que uma poss\u00edvel suspens\u00e3o da interven\u00e7\u00e3o federal antes de 31 de dezembro, prazo estipulado pelo decreto, n\u00e3o est\u00e1 em discuss\u00e3o no governo. &#8220;N\u00e3o est\u00e1 (sendo conversado). O prazo que existe hoje no decreto \u00e9 31 de dezembro de 2018. Se, porventura, esse decreto for revogado, o debate retorna&#8221;.<\/p>\n<p>Para o secret\u00e1rio, o tema ocupar\u00e1 uma posi\u00e7\u00e3o relevante no debate entre os postulantes ao Pal\u00e1cio do Planalto e a velocidade com que pode avan\u00e7ar no governo seguinte depender\u00e1 do presidente e dos parlamentares que forem eleitos.<\/p>\n<p>Fonte: Ag\u00eancia Brasil<\/p>\n","protected":false},"excerpt":{"rendered":"<p>O deputado federal Arthur Maia (PPS-BA), relator da Reforma da Previd\u00eancia na C\u00e2mara, disse nessa segunda-feira, 12, acreditar que o pr\u00f3ximo governo ter\u00e1 capital pol\u00edtico suficiente para aprovar a reforma, mas previu que ela ser\u00e1 mais profunda do que a que est\u00e1 em discuss\u00e3o. Maia participou do semin\u00e1rio Reforma da Previd\u00eancia: uma reflex\u00e3o necess\u00e1ria, na [&hellip;]<\/p>\n","protected":false},"author":96,"featured_media":93689,"comment_status":"closed","ping_status":"closed","sticky":false,"template":"","format":"standard","meta":{"footnotes":""},"categories":[254],"tags":[],"class_list":["post-93690","post","type-post","status-publish","format-standard","has-post-thumbnail","hentry","category-politica"],"_links":{"self":[{"href":"https:\/\/diarioregionaldigital.com.br\/index.php?rest_route=\/wp\/v2\/posts\/93690","targetHints":{"allow":["GET"]}}],"collection":[{"href":"https:\/\/diarioregionaldigital.com.br\/index.php?rest_route=\/wp\/v2\/posts"}],"about":[{"href":"https:\/\/diarioregionaldigital.com.br\/index.php?rest_route=\/wp\/v2\/types\/post"}],"author":[{"embeddable":true,"href":"https:\/\/diarioregionaldigital.com.br\/index.php?rest_route=\/wp\/v2\/users\/96"}],"replies":[{"embeddable":true,"href":"https:\/\/diarioregionaldigital.com.br\/index.php?rest_route=%2Fwp%2Fv2%2Fcomments&post=93690"}],"version-history":[{"count":0,"href":"https:\/\/diarioregionaldigital.com.br\/index.php?rest_route=\/wp\/v2\/posts\/93690\/revisions"}],"wp:featuredmedia":[{"embeddable":true,"href":"https:\/\/diarioregionaldigital.com.br\/index.php?rest_route=\/wp\/v2\/media\/93689"}],"wp:attachment":[{"href":"https:\/\/diarioregionaldigital.com.br\/index.php?rest_route=%2Fwp%2Fv2%2Fmedia&parent=93690"}],"wp:term":[{"taxonomy":"category","embeddable":true,"href":"https:\/\/diarioregionaldigital.com.br\/index.php?rest_route=%2Fwp%2Fv2%2Fcategories&post=93690"},{"taxonomy":"post_tag","embeddable":true,"href":"https:\/\/diarioregionaldigital.com.br\/index.php?rest_route=%2Fwp%2Fv2%2Ftags&post=93690"}],"curies":[{"name":"wp","href":"https:\/\/api.w.org\/{rel}","templated":true}]}}