{"id":93688,"date":"2018-03-12T18:38:41","date_gmt":"2018-03-12T21:38:41","guid":{"rendered":"http:\/\/diarioregionaljf.com.br\/2018\/03\/12\/especialista-alerta-sobre-risco-de-doencas-durante-periodo-chuvoso-e-enchentes\/"},"modified":"2018-03-12T18:38:41","modified_gmt":"2018-03-12T21:38:41","slug":"especialista-alerta-sobre-risco-de-doencas-durante-periodo-chuvoso-e-enchentes","status":"publish","type":"post","link":"https:\/\/diarioregionaldigital.com.br\/?p=93688","title":{"rendered":"Especialista alerta sobre risco de doen\u00e7as durante per\u00edodo chuvoso e enchentes"},"content":{"rendered":"<p>Juiz de Fora foi atingida por uma forte chuva na \u00faltima semana. A precipita\u00e7\u00e3o com um volume intenso em um curto espa\u00e7o de tempo foi considerada uma das maiores dos \u00faltimos anos. O n\u00edvel do Rio Paraibuna estava em 3m29, sendo que entre a meia noite e 3h da manh\u00e3 desse domingo, 11, o curso d\u2019 \u00e1gua subiu quase dois metros.<\/p>\n<p>At\u00e9 o momento, a Defesa Civil registrou 85 ocorr\u00eancias, sendo 30 na zona Sudeste, 20 na Leste, 15 na Norte, nove na Nordeste, cinco na Oeste, tr\u00eas no Centro e na Sul. Os atendimentos do final de semana est\u00e3o relacionados a amea\u00e7as e deslizamentos de taludes, trincas e infiltra\u00e7\u00e3o em pisos, enxurradas, alagamentos, rua danificada, amea\u00e7a e quedas de \u00e1rvore. Cerca de 30 pessoas foram desalojadas como medida preventiva devido aos deslizamentos de taludes nos bairros Bela Aurora, Filgueiras, Santo Ant\u00f4nio, e Nossa Senhora de Lourdes. O servi\u00e7o social da Defesa Civil realizou o atendimento a estas pessoas, que no momento est\u00e3o acolhidas nas casas de familiares e amigos.<\/p>\n<p>Chuvas em excesso n\u00e3o s\u00f3 significam transtornos e trag\u00e9dias, mas tamb\u00e9m a problemas graves de sa\u00fade. O contato com \u00e1gua contaminada pode levar a doen\u00e7as, que, em muitos casos, podem demorar dias para que os primeiros sintomas apare\u00e7am. Portanto, os cuidados com a sa\u00fade devem ser redobrados quando a incid\u00eancia de chuvas \u00e9 maior.<\/p>\n<h4>&nbsp;<\/h4>\n<h4>TRANSTORNOS COM A CHUVA<\/h4>\n<p>A fam\u00edlia da Jacileia Frizeiro Gomes, moradora do bairro Democrata, zona Noroeste, j\u00e1 perdeu m\u00f3veis e roupas com a chuva em anos anteriores, por isso desenvolveu estrat\u00e9gias para lidar com a \u00e1gua. Por\u00e9m, a precipita\u00e7\u00e3o do \u00faltimo s\u00e1bado, 10, foi t\u00e3o forte, que o plano n\u00e3o funcionou. \u201cA nossa casa \u00e9 a primeira [da rua] e, por isso, \u00e9 a mais baixa e perto da ponte do C\u00f3rrego dos ingleses. Desta vez, a \u00e1gua entrou em cinco casas\u201d, disse Jacileia. \u201cA gente tem quase nada de madeira, ap\u00f3s perder guarda-roupas e c\u00f4modas. As camas s\u00e3o de tubo e quando chove, tem que correr para tirar o colch\u00e3o. Como n\u00e3o tem guarda-roupa, instalamos prateleiras no alto\u201d, acrescentou.<\/p>\n<p>A moradora afirmou que na manh\u00e3 desse domingo, 11, ela mediu e constatou que a \u00e1gua subiu cerca de 1m10. Ela e sua fam\u00edlia iniciaram a limpeza na casa no domingo e at\u00e9 a hora do almo\u00e7o dessa segunda-feira, 12, eles n\u00e3o tinham terminado. \u201cEu moro em cima da casa da minha m\u00e3e e estou limpando a casa desde domingo bem cedinho. \u00c9 muita lama, que fica agarrada no ch\u00e3o e suja a parede. Eu limpei o fog\u00e3o com uma m\u00e1quina de \u00e1gua a jato, porque tinha muito barro. Agora, terei que chamar uma pessoa para desentupir. A geladeira, que fica em cima de uma base de ferro com 50 cm de altura, eu tamb\u00e9m j\u00e1 limpei e joguei fora os alimentos que estavam guardados\u201d, relatou a Jacileia. \u201cAl\u00e9m disso, tive que jogar fora tamb\u00e9m algumas vasilhas que estavam em cima da mesa da cozinha, que tamb\u00e9m tiveram contato com \u00e1gua por conta da altura que ela subiu. \u00c9 preciso usar muito cloro e \u00e1gua sanit\u00e1ria para desinfetar tudo A gente lava at\u00e9 papel. Uma pasta de documentos, que estava em cima de uma prateleira com mais de um 1m de altura, ficou molhada\u201d.<\/p>\n<p>No s\u00e1bado, relembrou Jacileia, a \u00e1gua batia na altura de seu est\u00f4mago. \u201cMinha m\u00e3e estava sozinha e o marido desceu e a levou para a nossa casa. Minha filha e eu est\u00e1vamos retorno de um casamento, no qual ela foi madrinha. Para entrar em casa, tivemos que atravessar a \u00e1gua que estava na altura do est\u00f4mago. Minha filha tomou banho com bastante sab\u00e3o e esfregou o corpo com bucha. Depois, ela ainda passou um hidrante corporal\u201d, contou.<\/p>\n<h4>&nbsp;<\/h4>\n<h4>ORIENTA\u00c7\u00c3O<\/h4>\n<p>O infectologista Rodrigo Daniel de Souza destacou que s\u00e3o v\u00e1rias patologias que pode ser transmitidas com o contato ou ingest\u00e3o de \u00e1gua contaminada. As principais s\u00e3o: leptospirose, hepatite A e verminoses. \u201cCome\u00e7a com um quadril febril. Depois pode surgir dor no corpo associada a v\u00f4mito ou diarreia\u201d, apontou o especialista sobre os sintomas.<\/p>\n<p>Apesar de parecer uma orienta\u00e7\u00e3o ing\u00eanua, o m\u00e9dico disse que \u00e9 muito importante que as pessoas evitem o contato com a \u00e1gua. \u201cCaso tenha ocorrido, ficar vigilante em rela\u00e7\u00e3o ao aparecimento de algum sintoma. Se surgiu algum, procure imediatamente um m\u00e9dico e relate que teve o contato com a \u00e1gua\u201d, ressaltou.<\/p>\n<p>Ele tamb\u00e9m afirmou que n\u00e3o h\u00e1 rem\u00e9dios que fa\u00e7am que a pessoa n\u00e3o tenha a doen\u00e7a ap\u00f3s o contato. \u201cLave com muita \u00e1gua e sab\u00e3o e fique alerta para surgimento de algum sintoma, principalmente em rela\u00e7\u00e3o \u00e0 leptospirose em locais que haja infesta\u00e7\u00e3o de ratos\u201d, ponderou.<\/p>\n<p>O infectologista tamb\u00e9m orientou sobre a limpeza do local atingido pela \u00e1gua. \u201cUse \u00e1gua sanit\u00e1ria, pois ela vai desinfetar o ambiente e ser respons\u00e1vel por matar boa parte dos germes que podem est\u00e1 no local. J\u00e1 os alimentos que tiveram contato com \u00e1gua devem ser desprezados. Utilize luvas e galochas para que voc\u00ea n\u00e3o tenha contato com a \u00e1gua sanit\u00e1ria, barro e com os res\u00edduos que ficaram\u201d, afirmou Souza.<\/p>\n<p>&nbsp;<\/p>\n<h5>CONFIRA ALGUMAS DOEN\u00c7AS E SINTOMAS NO QUADRO ABAIXO:<\/h5>\n<table>\n<tbody>\n<tr>\n<td style=\"width: 288px; text-align: center;\">\n<p><strong>DOEN\u00c7A<\/strong><\/p>\n<\/td>\n<td style=\"width: 288px; text-align: center;\">\n<p><strong>SINTOMAS<\/strong><\/p>\n<\/td>\n<\/tr>\n<tr>\n<td style=\"width: 288px; text-align: center;\">\n<p><strong>Leptospirose<\/strong><\/p>\n<\/td>\n<td style=\"width: 288px; text-align: center;\">\n<p>A mais famosa das patologias durante \u00e9pocas de alagamentos ocorre por conta da urina de ratos, que atinge um n\u00famero maior de pessoas ao ficar dilu\u00edda nas \u00e1guas acumuladas nas vias p\u00fablicas. Entre os sintomas, h\u00e1 aqueles mais leves, similares a resfriados e gripes, como dores nas panturrilhas e febre at\u00e9 quadros mais graves como pele amarelada (icter\u00edcia), mau funcionamento dos rins e at\u00e9 hemorragias ligadas aos pulm\u00f5es. Os primeiros sintomas podem aparecer entre 7 a 10 dias ap\u00f3s o contato com a \u00e1gua.<\/p>\n<\/td>\n<\/tr>\n<tr>\n<td style=\"width: 288px; text-align: center;\">\n<p><strong>Quadros de diarreia<\/strong><\/p>\n<\/td>\n<td style=\"width: 288px; text-align: center;\">\n<p>Diarreias causadas por v\u00edrus, bact\u00e9rias e at\u00e9 protozo\u00e1rios podem surgir, representando risco de desidrata\u00e7\u00e3o especialmente para crian\u00e7as e idosos. Desconforto abdominal, fezes l\u00edquidas, com sangramento ou muco s\u00e3o alguns dos ind\u00edcios da doen\u00e7a. Os sintomas aparecem, em m\u00e9dia, ap\u00f3s tr\u00eas dias e o tratamento envolve muita hidrata\u00e7\u00e3o e, no caso de causas bacterianas, a recomenda\u00e7\u00e3o de antibi\u00f3ticos, sempre feita por m\u00e9dicos.<\/p>\n<\/td>\n<\/tr>\n<tr>\n<td style=\"width: 288px; text-align: center;\">\n<p><strong>Hepatite A<\/strong><\/p>\n<\/td>\n<td style=\"width: 288px; text-align: center;\">\n<p>Normalmente transmitida por meio de alimentos mal lavados, a hepatite A tamb\u00e9m pode surgir com a ingest\u00e3o acidental de \u00e1gua contaminada. &nbsp;Os sintomas envolvem dores abdominais, febre, pele e olhos amarelados, al\u00e9m de uma urina escura. O per\u00edodo para o surgimento dos primeiros sintomas est\u00e1 entre 15 a 45 dias, o que aumenta a necessidade de alerta da popula\u00e7\u00e3o para os sintomas nesta \u00e9poca do ano.<\/p>\n<\/td>\n<\/tr>\n<tr>\n<td style=\"width: 288px; text-align: center;\">\n<p><strong>T\u00e9tano<\/strong><\/p>\n<\/td>\n<td style=\"width: 288px; text-align: center;\">\n<p>O transtorno criado pelas chuvas pode levar a arranh\u00f5es e hematomas nas vias p\u00fablicas e mesmo dentro das casas, com o aparecimento do t\u00e9tano. Sintomas como febre, dor de cabe\u00e7a, calafrios e rigidez no pesco\u00e7o, membros e na mand\u00edbula podem indicar a patologia.<\/p>\n<\/td>\n<\/tr>\n<\/tbody>\n<\/table>\n<p>&nbsp;<\/p>\n","protected":false},"excerpt":{"rendered":"<p>Juiz de Fora foi atingida por uma forte chuva na \u00faltima semana. A precipita\u00e7\u00e3o com um volume intenso em um curto espa\u00e7o de tempo foi considerada uma das maiores dos \u00faltimos anos. O n\u00edvel do Rio Paraibuna estava em 3m29, sendo que entre a meia noite e 3h da manh\u00e3 desse domingo, 11, o curso [&hellip;]<\/p>\n","protected":false},"author":96,"featured_media":93687,"comment_status":"closed","ping_status":"closed","sticky":false,"template":"","format":"standard","meta":{"footnotes":""},"categories":[253],"tags":[],"class_list":["post-93688","post","type-post","status-publish","format-standard","has-post-thumbnail","hentry","category-cidade"],"_links":{"self":[{"href":"https:\/\/diarioregionaldigital.com.br\/index.php?rest_route=\/wp\/v2\/posts\/93688","targetHints":{"allow":["GET"]}}],"collection":[{"href":"https:\/\/diarioregionaldigital.com.br\/index.php?rest_route=\/wp\/v2\/posts"}],"about":[{"href":"https:\/\/diarioregionaldigital.com.br\/index.php?rest_route=\/wp\/v2\/types\/post"}],"author":[{"embeddable":true,"href":"https:\/\/diarioregionaldigital.com.br\/index.php?rest_route=\/wp\/v2\/users\/96"}],"replies":[{"embeddable":true,"href":"https:\/\/diarioregionaldigital.com.br\/index.php?rest_route=%2Fwp%2Fv2%2Fcomments&post=93688"}],"version-history":[{"count":0,"href":"https:\/\/diarioregionaldigital.com.br\/index.php?rest_route=\/wp\/v2\/posts\/93688\/revisions"}],"wp:featuredmedia":[{"embeddable":true,"href":"https:\/\/diarioregionaldigital.com.br\/index.php?rest_route=\/wp\/v2\/media\/93687"}],"wp:attachment":[{"href":"https:\/\/diarioregionaldigital.com.br\/index.php?rest_route=%2Fwp%2Fv2%2Fmedia&parent=93688"}],"wp:term":[{"taxonomy":"category","embeddable":true,"href":"https:\/\/diarioregionaldigital.com.br\/index.php?rest_route=%2Fwp%2Fv2%2Fcategories&post=93688"},{"taxonomy":"post_tag","embeddable":true,"href":"https:\/\/diarioregionaldigital.com.br\/index.php?rest_route=%2Fwp%2Fv2%2Ftags&post=93688"}],"curies":[{"name":"wp","href":"https:\/\/api.w.org\/{rel}","templated":true}]}}