{"id":93686,"date":"2018-03-12T16:56:00","date_gmt":"2018-03-12T19:56:00","guid":{"rendered":"http:\/\/diarioregionaljf.com.br\/2018\/03\/12\/vigia-e-amarrado-durante-assalto-a-posto-de-combustiveis-na-zona-norte\/"},"modified":"2018-03-12T16:56:00","modified_gmt":"2018-03-12T19:56:00","slug":"vigia-e-amarrado-durante-assalto-a-posto-de-combustiveis-na-zona-norte","status":"publish","type":"post","link":"https:\/\/diarioregionaldigital.com.br\/?p=93686","title":{"rendered":"Vigia \u00e9 amarrado durante assalto a posto de combust\u00edveis na zona Norte"},"content":{"rendered":"<p>Um posto de combust\u00edveis foi assaltado na madrugada desta segunda-feira, 12, no bairro Industrial, localizado na zona Norte. O estabelecimento fica na Avenida Garcia Rodrigues Paes.<\/p>\n<p>De acordo com a Pol\u00edcia Militar (PM), um senhor de 64 anos, que trabalha como vigia do posto, relatou que se encontrava em servi\u00e7o quando foi surpreendido por dois indiv\u00edduos que anunciaram o assalto.<\/p>\n<p>Os autores estavam armados com rev\u00f3lveres e ap\u00f3s amea\u00e7as amarraram os pulsos e p\u00e9s do vigia com lacres de pl\u00e1stico e o colocaram no interior do setor de troca de \u00f3leo. Logo ap\u00f3s a a\u00e7\u00e3o, os assaltantes se dirigiram para o cofre do posto, pr\u00f3ximo \u00e0s bombas de combust\u00edveis e arrombaram o local.<\/p>\n<p>O vigia passou a madrugada amarrado e preso, sendo encontrado somente por volta das 5h30, pelo frentista respons\u00e1vel pela abertura do posto.<\/p>\n<p>A PM foi acionada e a per\u00edcia compareceu ao local a fim de realizar os trabalhos de praxe.<\/p>\n<p>Os funcion\u00e1rios do posto n\u00e3o souberam informar o valor levado pelos autores.<\/p>\n<p>A v\u00edtima recebeu orienta\u00e7\u00f5es quanto \u00e0s demais provid\u00eancias.<\/p>\n<p>Nenhum suspeito foi localizado.<\/p>\n","protected":false},"excerpt":{"rendered":"<p>Um posto de combust\u00edveis foi assaltado na madrugada desta segunda-feira, 12, no bairro Industrial, localizado na zona Norte. O estabelecimento fica na Avenida Garcia Rodrigues Paes. De acordo com a Pol\u00edcia Militar (PM), um senhor de 64 anos, que trabalha como vigia do posto, relatou que se encontrava em servi\u00e7o quando foi surpreendido por dois [&hellip;]<\/p>\n","protected":false},"author":96,"featured_media":93685,"comment_status":"closed","ping_status":"closed","sticky":false,"template":"","format":"standard","meta":{"footnotes":""},"categories":[301],"tags":[],"class_list":["post-93686","post","type-post","status-publish","format-standard","has-post-thumbnail","hentry","category-artigos-policiais"],"_links":{"self":[{"href":"https:\/\/diarioregionaldigital.com.br\/index.php?rest_route=\/wp\/v2\/posts\/93686","targetHints":{"allow":["GET"]}}],"collection":[{"href":"https:\/\/diarioregionaldigital.com.br\/index.php?rest_route=\/wp\/v2\/posts"}],"about":[{"href":"https:\/\/diarioregionaldigital.com.br\/index.php?rest_route=\/wp\/v2\/types\/post"}],"author":[{"embeddable":true,"href":"https:\/\/diarioregionaldigital.com.br\/index.php?rest_route=\/wp\/v2\/users\/96"}],"replies":[{"embeddable":true,"href":"https:\/\/diarioregionaldigital.com.br\/index.php?rest_route=%2Fwp%2Fv2%2Fcomments&post=93686"}],"version-history":[{"count":0,"href":"https:\/\/diarioregionaldigital.com.br\/index.php?rest_route=\/wp\/v2\/posts\/93686\/revisions"}],"wp:featuredmedia":[{"embeddable":true,"href":"https:\/\/diarioregionaldigital.com.br\/index.php?rest_route=\/wp\/v2\/media\/93685"}],"wp:attachment":[{"href":"https:\/\/diarioregionaldigital.com.br\/index.php?rest_route=%2Fwp%2Fv2%2Fmedia&parent=93686"}],"wp:term":[{"taxonomy":"category","embeddable":true,"href":"https:\/\/diarioregionaldigital.com.br\/index.php?rest_route=%2Fwp%2Fv2%2Fcategories&post=93686"},{"taxonomy":"post_tag","embeddable":true,"href":"https:\/\/diarioregionaldigital.com.br\/index.php?rest_route=%2Fwp%2Fv2%2Ftags&post=93686"}],"curies":[{"name":"wp","href":"https:\/\/api.w.org\/{rel}","templated":true}]}}