{"id":93680,"date":"2018-03-12T15:48:21","date_gmt":"2018-03-12T18:48:21","guid":{"rendered":"http:\/\/diarioregionaljf.com.br\/2018\/03\/12\/ministro-apresentara-a-parlamentares-relatorio-de-prestacao-de-contas-do-sus\/"},"modified":"2018-03-12T15:48:21","modified_gmt":"2018-03-12T18:48:21","slug":"ministro-apresentara-a-parlamentares-relatorio-de-prestacao-de-contas-do-sus","status":"publish","type":"post","link":"https:\/\/diarioregionaldigital.com.br\/?p=93680","title":{"rendered":"Ministro apresentar\u00e1 a parlamentares relat\u00f3rio de presta\u00e7\u00e3o de contas do SUS"},"content":{"rendered":"<p>A Comiss\u00e3o Mista de Or\u00e7amento (CMO) receber\u00e1 nesta ter\u00e7a-feira, 13, o ministro da Sa\u00fade, Ricardo Barros.&nbsp;Ele ir\u00e1 ao Congresso Nacional apresentar o Relat\u00f3rio Quadrimestral de Presta\u00e7\u00e3o de Contas do Conselho Gestor Federal do Sistema \u00danico de Sa\u00fade (SUS), referente ao 2\u00ba e 3\u00ba quadrimestres de 2017.<\/p>\n<p>A apresenta\u00e7\u00e3o do relat\u00f3rio \u00e9 uma exig\u00eancia da Lei Complementar 141\/12 , que trata de valores m\u00ednimos a serem investidos em a\u00e7\u00f5es e servi\u00e7os p\u00fablicos de sa\u00fade.<\/p>\n<h5>Pela lei, o documento deve conter:<\/h5>\n<p>&#8211; montante e fonte dos recursos aplicados no per\u00edodo;<br \/>&#8211; auditorias realizadas ou em fase de execu\u00e7\u00e3o no per\u00edodo e suas recomenda\u00e7\u00f5es e determina\u00e7\u00f5es; e<br \/>&#8211; oferta e produ\u00e7\u00e3o de servi\u00e7os p\u00fablicos na rede assistencial pr\u00f3pria, contratada e conveniada, associando esses dados com os indicadores de sa\u00fade da popula\u00e7\u00e3o em seu \u00e2mbito de atua\u00e7\u00e3o.<br \/>Integrantes da Comiss\u00e3o de Seguridade Social e Fam\u00edlia, da C\u00e2mara dos Deputados; e da Comiss\u00e3o de Assuntos Sociais, do Senado, tamb\u00e9m foram convidados para o debate.<\/p>\n<p>A reuni\u00e3o ser\u00e1 realizada no plen\u00e1rio 2, a partir das 14h30.<\/p>\n<p>Fonte: Ag\u00eancia C\u00e2mara Not\u00edcias<\/p>\n","protected":false},"excerpt":{"rendered":"<p>A Comiss\u00e3o Mista de Or\u00e7amento (CMO) receber\u00e1 nesta ter\u00e7a-feira, 13, o ministro da Sa\u00fade, Ricardo Barros.&nbsp;Ele ir\u00e1 ao Congresso Nacional apresentar o Relat\u00f3rio Quadrimestral de Presta\u00e7\u00e3o de Contas do Conselho Gestor Federal do Sistema \u00danico de Sa\u00fade (SUS), referente ao 2\u00ba e 3\u00ba quadrimestres de 2017. A apresenta\u00e7\u00e3o do relat\u00f3rio \u00e9 uma exig\u00eancia da Lei [&hellip;]<\/p>\n","protected":false},"author":96,"featured_media":93679,"comment_status":"closed","ping_status":"closed","sticky":false,"template":"","format":"standard","meta":{"footnotes":""},"categories":[254],"tags":[],"class_list":["post-93680","post","type-post","status-publish","format-standard","has-post-thumbnail","hentry","category-politica"],"_links":{"self":[{"href":"https:\/\/diarioregionaldigital.com.br\/index.php?rest_route=\/wp\/v2\/posts\/93680","targetHints":{"allow":["GET"]}}],"collection":[{"href":"https:\/\/diarioregionaldigital.com.br\/index.php?rest_route=\/wp\/v2\/posts"}],"about":[{"href":"https:\/\/diarioregionaldigital.com.br\/index.php?rest_route=\/wp\/v2\/types\/post"}],"author":[{"embeddable":true,"href":"https:\/\/diarioregionaldigital.com.br\/index.php?rest_route=\/wp\/v2\/users\/96"}],"replies":[{"embeddable":true,"href":"https:\/\/diarioregionaldigital.com.br\/index.php?rest_route=%2Fwp%2Fv2%2Fcomments&post=93680"}],"version-history":[{"count":0,"href":"https:\/\/diarioregionaldigital.com.br\/index.php?rest_route=\/wp\/v2\/posts\/93680\/revisions"}],"wp:featuredmedia":[{"embeddable":true,"href":"https:\/\/diarioregionaldigital.com.br\/index.php?rest_route=\/wp\/v2\/media\/93679"}],"wp:attachment":[{"href":"https:\/\/diarioregionaldigital.com.br\/index.php?rest_route=%2Fwp%2Fv2%2Fmedia&parent=93680"}],"wp:term":[{"taxonomy":"category","embeddable":true,"href":"https:\/\/diarioregionaldigital.com.br\/index.php?rest_route=%2Fwp%2Fv2%2Fcategories&post=93680"},{"taxonomy":"post_tag","embeddable":true,"href":"https:\/\/diarioregionaldigital.com.br\/index.php?rest_route=%2Fwp%2Fv2%2Ftags&post=93680"}],"curies":[{"name":"wp","href":"https:\/\/api.w.org\/{rel}","templated":true}]}}