{"id":93678,"date":"2018-03-12T15:40:22","date_gmt":"2018-03-12T18:40:22","guid":{"rendered":"http:\/\/diarioregionaljf.com.br\/2018\/03\/12\/audiencia-debatera-aumento-do-preco-de-pedagios-em-rodovias-federais\/"},"modified":"2018-03-12T15:40:22","modified_gmt":"2018-03-12T18:40:22","slug":"audiencia-debatera-aumento-do-preco-de-pedagios-em-rodovias-federais","status":"publish","type":"post","link":"https:\/\/diarioregionaldigital.com.br\/?p=93678","title":{"rendered":"Audi\u00eancia debater\u00e1 aumento do pre\u00e7o de ped\u00e1gios em rodovias federais"},"content":{"rendered":"<p>Deputados v\u00e3o debater nessa ter\u00e7a-feira, 13, em audi\u00eancia p\u00fablica, as inconsist\u00eancias apontadas pelo Tribunal de Contas da Uni\u00e3o (TCU) nos c\u00e1lculos que determinaram o percentual de aumento das tarifas de ped\u00e1gio nas rodovias federais do Programa de Explora\u00e7\u00e3o Rodovi\u00e1ria. A reuni\u00e3o ser\u00e1 promovida pela comiss\u00e3o externa criada pela C\u00e2mara dos Deputados para fiscalizar as obras em trecho da rodovia BR-101 administrado pela empresa Eco101 no Esp\u00edrito Santo.<\/p>\n<p>A audi\u00eancia tamb\u00e9m vai discutir as negocia\u00e7\u00f5es da Ag\u00eancia Nacional de Transportes Terrestres (ANTT) com a concession\u00e1ria Eco101 sobre a revis\u00e3o do plano quinquenal do contrato da via.<\/p>\n<p>Foram convidados para a reuni\u00e3o o diretor-geral da ANTT, M\u00e1rio Rodrigues J\u00fanior; e o secret\u00e1rio de Fiscaliza\u00e7\u00e3o de Infraestrutura Rodovi\u00e1ria e de Avia\u00e7\u00e3o Civil do TCU, Luiz Fernando Ururahy de Souza. O debate foi solicitado pelo coordenador da comiss\u00e3o, deputado Marcus Vicente (PP-ES), e pelo deputado Dr. Jorge Silva (PHS-ES).<\/p>\n<p>A audi\u00eancia est\u00e1 marcada para as 14h30, no plen\u00e1rio 11.<\/p>\n<p>Fonte: Ag\u00eancia C\u00e2mara Not\u00edcias<\/p>\n<p>&nbsp;<\/p>\n","protected":false},"excerpt":{"rendered":"<p>Deputados v\u00e3o debater nessa ter\u00e7a-feira, 13, em audi\u00eancia p\u00fablica, as inconsist\u00eancias apontadas pelo Tribunal de Contas da Uni\u00e3o (TCU) nos c\u00e1lculos que determinaram o percentual de aumento das tarifas de ped\u00e1gio nas rodovias federais do Programa de Explora\u00e7\u00e3o Rodovi\u00e1ria. A reuni\u00e3o ser\u00e1 promovida pela comiss\u00e3o externa criada pela C\u00e2mara dos Deputados para fiscalizar as obras [&hellip;]<\/p>\n","protected":false},"author":96,"featured_media":93677,"comment_status":"closed","ping_status":"closed","sticky":false,"template":"","format":"standard","meta":{"footnotes":""},"categories":[254],"tags":[],"class_list":["post-93678","post","type-post","status-publish","format-standard","has-post-thumbnail","hentry","category-politica"],"_links":{"self":[{"href":"https:\/\/diarioregionaldigital.com.br\/index.php?rest_route=\/wp\/v2\/posts\/93678","targetHints":{"allow":["GET"]}}],"collection":[{"href":"https:\/\/diarioregionaldigital.com.br\/index.php?rest_route=\/wp\/v2\/posts"}],"about":[{"href":"https:\/\/diarioregionaldigital.com.br\/index.php?rest_route=\/wp\/v2\/types\/post"}],"author":[{"embeddable":true,"href":"https:\/\/diarioregionaldigital.com.br\/index.php?rest_route=\/wp\/v2\/users\/96"}],"replies":[{"embeddable":true,"href":"https:\/\/diarioregionaldigital.com.br\/index.php?rest_route=%2Fwp%2Fv2%2Fcomments&post=93678"}],"version-history":[{"count":0,"href":"https:\/\/diarioregionaldigital.com.br\/index.php?rest_route=\/wp\/v2\/posts\/93678\/revisions"}],"wp:featuredmedia":[{"embeddable":true,"href":"https:\/\/diarioregionaldigital.com.br\/index.php?rest_route=\/wp\/v2\/media\/93677"}],"wp:attachment":[{"href":"https:\/\/diarioregionaldigital.com.br\/index.php?rest_route=%2Fwp%2Fv2%2Fmedia&parent=93678"}],"wp:term":[{"taxonomy":"category","embeddable":true,"href":"https:\/\/diarioregionaldigital.com.br\/index.php?rest_route=%2Fwp%2Fv2%2Fcategories&post=93678"},{"taxonomy":"post_tag","embeddable":true,"href":"https:\/\/diarioregionaldigital.com.br\/index.php?rest_route=%2Fwp%2Fv2%2Ftags&post=93678"}],"curies":[{"name":"wp","href":"https:\/\/api.w.org\/{rel}","templated":true}]}}