{"id":93652,"date":"2018-03-12T14:27:04","date_gmt":"2018-03-12T17:27:04","guid":{"rendered":"http:\/\/diarioregionaljf.com.br\/2018\/03\/12\/emprestimos-para-produtores-rurais-somam-r-92-1-bilhoes-na-atual-safra\/"},"modified":"2018-03-12T14:27:04","modified_gmt":"2018-03-12T17:27:04","slug":"emprestimos-para-produtores-rurais-somam-r-92-1-bilhoes-na-atual-safra","status":"publish","type":"post","link":"https:\/\/diarioregionaldigital.com.br\/?p=93652","title":{"rendered":"Empr\u00e9stimos para produtores rurais somam R$92,1 bilh\u00f5es na atual safra"},"content":{"rendered":"<p>A contrata\u00e7\u00e3o de cr\u00e9dito rural por m\u00e9dios e grandes produtores cresceu 12,4% e atingiu R$ 92,2 bilh\u00f5es na atual temporada agr\u00edcola 2017\/2018. O balan\u00e7o foi divulgado pelo Minist\u00e9rio da Agricultura, Pecu\u00e1ria e Abastecimento. O montante \u00e9 referente aos financiamentos para as atividades de custeio, comercializa\u00e7\u00e3o, industrializa\u00e7\u00e3o e investimento, contratados entre julho do ano passado e fevereiro deste ano.<\/p>\n<p>Segundo o minist\u00e9rio, o aumento no percentual de empr\u00e9stimos para financiamentos, que somou 18,7 bilh\u00f5es, \u00e9 um indicador da retomada de confian\u00e7a do setor agropecu\u00e1rio. O crescimento da economia brasileira no ano passado, de 1% no Produto Interno Bruto (PIB), foi justamente impulsionado pelo setor, que registrou 13% de aumento, o melhor desempenho da s\u00e9rie hist\u00f3rica desde 1996.<\/p>\n<p>Do total de recursos dispon\u00edveis para o cr\u00e9dito rural na atual safra, j\u00e1 foram utilizados 49%, um valor superior aos 44,6% contratados no mesmo per\u00edodo do ano passado. A expans\u00e3o se deu principalmente nos financiamentos para comercializa\u00e7\u00e3o e para investimentos, que registraram aumentos de 32,7% e 25,3%, respectivamente.<\/p>\n<h4>Investimentos<\/h4>\n<p>Entre os destaques nesse tipo de financiamento, est\u00e3o as contrata\u00e7\u00f5es de investimentos em programas para redu\u00e7\u00e3o da emiss\u00e3o de gases de efeito estufa na agricultura (Programa ABC), que subiu 50,8%; de incentivo \u00e0 irriga\u00e7\u00e3o e \u00e0 produ\u00e7\u00e3o em ambiente protegido (Moderinfra), com alta de mais 81,4%; constru\u00e7\u00e3o e amplia\u00e7\u00e3o de armaz\u00e9ns (PCA), que subiu 98%, e no programa de incentivo \u00e0 inova\u00e7\u00e3o tecnol\u00f3gica na produ\u00e7\u00e3o agropecu\u00e1ria (Inovagro), que teve alta de 129% nas opera\u00e7\u00f5es de cr\u00e9dito.<\/p>\n<p>Os empr\u00e9stimos para financiar a comercializa\u00e7\u00e3o agropecu\u00e1ria j\u00e1 somam R$16,9 bilh\u00f5es na atual temporada, enquanto cr\u00e9ditos para custeio e industrializa\u00e7\u00e3o registram opera\u00e7\u00f5es de R$ 52,3 bilh\u00f5es (alta de 3,4%) e R$4,1 bilh\u00f5es (alta de 14,4%).<\/p>\n<p>Ainda de acordo com o minist\u00e9rio, as contrata\u00e7\u00f5es de cr\u00e9dito rural, com recursos provenientes da emiss\u00e3o de Letras de Cr\u00e9dito do Agroneg\u00f3cio (LCAs), aumentaram de R$10 bilh\u00f5es para R$14,4 bilh\u00f5es no \u00faltimo per\u00edodo.<\/p>\n<hr \/>\n<p>&nbsp;Fonte: Ag\u00eancia Brasil<\/p>\n","protected":false},"excerpt":{"rendered":"<p>A contrata\u00e7\u00e3o de cr\u00e9dito rural por m\u00e9dios e grandes produtores cresceu 12,4% e atingiu R$ 92,2 bilh\u00f5es na atual temporada agr\u00edcola 2017\/2018. O balan\u00e7o foi divulgado pelo Minist\u00e9rio da Agricultura, Pecu\u00e1ria e Abastecimento. O montante \u00e9 referente aos financiamentos para as atividades de custeio, comercializa\u00e7\u00e3o, industrializa\u00e7\u00e3o e investimento, contratados entre julho do ano passado e [&hellip;]<\/p>\n","protected":false},"author":96,"featured_media":93651,"comment_status":"closed","ping_status":"closed","sticky":false,"template":"","format":"standard","meta":{"footnotes":""},"categories":[261],"tags":[],"class_list":["post-93652","post","type-post","status-publish","format-standard","has-post-thumbnail","hentry","category-economia"],"_links":{"self":[{"href":"https:\/\/diarioregionaldigital.com.br\/index.php?rest_route=\/wp\/v2\/posts\/93652","targetHints":{"allow":["GET"]}}],"collection":[{"href":"https:\/\/diarioregionaldigital.com.br\/index.php?rest_route=\/wp\/v2\/posts"}],"about":[{"href":"https:\/\/diarioregionaldigital.com.br\/index.php?rest_route=\/wp\/v2\/types\/post"}],"author":[{"embeddable":true,"href":"https:\/\/diarioregionaldigital.com.br\/index.php?rest_route=\/wp\/v2\/users\/96"}],"replies":[{"embeddable":true,"href":"https:\/\/diarioregionaldigital.com.br\/index.php?rest_route=%2Fwp%2Fv2%2Fcomments&post=93652"}],"version-history":[{"count":0,"href":"https:\/\/diarioregionaldigital.com.br\/index.php?rest_route=\/wp\/v2\/posts\/93652\/revisions"}],"wp:featuredmedia":[{"embeddable":true,"href":"https:\/\/diarioregionaldigital.com.br\/index.php?rest_route=\/wp\/v2\/media\/93651"}],"wp:attachment":[{"href":"https:\/\/diarioregionaldigital.com.br\/index.php?rest_route=%2Fwp%2Fv2%2Fmedia&parent=93652"}],"wp:term":[{"taxonomy":"category","embeddable":true,"href":"https:\/\/diarioregionaldigital.com.br\/index.php?rest_route=%2Fwp%2Fv2%2Fcategories&post=93652"},{"taxonomy":"post_tag","embeddable":true,"href":"https:\/\/diarioregionaldigital.com.br\/index.php?rest_route=%2Fwp%2Fv2%2Ftags&post=93652"}],"curies":[{"name":"wp","href":"https:\/\/api.w.org\/{rel}","templated":true}]}}