{"id":93648,"date":"2018-03-12T12:16:45","date_gmt":"2018-03-12T15:16:45","guid":{"rendered":"http:\/\/diarioregionaljf.com.br\/2018\/03\/12\/mercado-financeiro-reduz-projecao-de-inflacao-para-3-67-este-ano\/"},"modified":"2018-03-12T12:16:45","modified_gmt":"2018-03-12T15:16:45","slug":"mercado-financeiro-reduz-projecao-de-inflacao-para-3-67-este-ano","status":"publish","type":"post","link":"https:\/\/diarioregionaldigital.com.br\/?p=93648","title":{"rendered":"Mercado financeiro reduz proje\u00e7\u00e3o de infla\u00e7\u00e3o para 3,67%, este ano"},"content":{"rendered":"<p>O mercado financeiro reduziu pela sexta semana seguida a estimativa para a infla\u00e7\u00e3o este ano. A expectativa do mercado para \u00cdndice Nacional de Pre\u00e7os ao Consumidor Amplo (IPCA), desta vez, passou de 3,70% para 3,67%, de acordo com o Boletim Focus, publica\u00e7\u00e3o divulgada todas as semanas pelo Banco Central (BC), elaborada com base em pesquisa sobre os principais indicadores econ\u00f4micos.<\/p>\n<p>A proje\u00e7\u00e3o est\u00e1 mais distante do centro da meta de 4,5%, mas acima do limite inferior de 3%. Para 2019, a estimativa para a infla\u00e7\u00e3o caiu, pela segunda semana consecutiva, ao passar de 4,24% para 4,20%, abaixo do centro da meta de 4,25%.<\/p>\n<p>Na \u00faltima sexta-feira, 9, o Instituto Brasileiro de Geografia e Estat\u00edstica (IBGE) informou que a infla\u00e7\u00e3o oficial, medida pelo \u00cdndice Nacional de Pre\u00e7os ao Consumidor Amplo (IPCA), ficou em 0,32% em fevereiro, o menor \u00edndice para o m\u00eas desde o ano 2000 (0,13%).<\/p>\n<p>Nesse cen\u00e1rio de infla\u00e7\u00e3o baixa e economia se recuperando, o mercado financeiro espera que a taxa b\u00e1sica de juros, a Selic, seja reduzida em 0,25 ponto percentual, de 6,75% para 6,50% ao ano, neste m\u00eas. A Selic \u00e9 o principal instrumento do Banco Central para alcan\u00e7ar a meta de infla\u00e7\u00e3o. Quando o Copom aumenta a Selic, o objetivo \u00e9 conter a demanda aquecida, e isso gera reflexos nos pre\u00e7os, porque os juros mais altos encarecem o cr\u00e9dito e estimulam a poupan\u00e7a. Quando o Copom diminui os juros b\u00e1sicos, a tend\u00eancia \u00e9 que o cr\u00e9dito fique mais barato, com incentivo \u00e0 produ\u00e7\u00e3o e ao consumo, reduzindo o controle sobre a infla\u00e7\u00e3o.<\/p>\n<p>De acordo com a previs\u00e3o das institui\u00e7\u00f5es financeiras, a Selic encerrar\u00e1 2018 em 6,50% ao ano e subir\u00e1 ao longo de 2019, terminando o per\u00edodo em 8% ao ano.<\/p>\n<p>A estimativa para o crescimento do Produto Interno Bruto (PIB), a soma de todos os bens e servi\u00e7os produzidos no pa\u00eds, deste ano, caiu de 2,90% para 2,87%. Para 2019, a proje\u00e7\u00e3o \u00e9 mantida em 3% h\u00e1 seis semanas consecutivas.<\/p>\n<p>&nbsp;<\/p>\n<p>Fonte: Ag\u00eancia Brasil<\/p>\n","protected":false},"excerpt":{"rendered":"<p>O mercado financeiro reduziu pela sexta semana seguida a estimativa para a infla\u00e7\u00e3o este ano. A expectativa do mercado para \u00cdndice Nacional de Pre\u00e7os ao Consumidor Amplo (IPCA), desta vez, passou de 3,70% para 3,67%, de acordo com o Boletim Focus, publica\u00e7\u00e3o divulgada todas as semanas pelo Banco Central (BC), elaborada com base em pesquisa [&hellip;]<\/p>\n","protected":false},"author":96,"featured_media":93647,"comment_status":"closed","ping_status":"closed","sticky":false,"template":"","format":"standard","meta":{"footnotes":""},"categories":[261],"tags":[],"class_list":["post-93648","post","type-post","status-publish","format-standard","has-post-thumbnail","hentry","category-economia"],"_links":{"self":[{"href":"https:\/\/diarioregionaldigital.com.br\/index.php?rest_route=\/wp\/v2\/posts\/93648","targetHints":{"allow":["GET"]}}],"collection":[{"href":"https:\/\/diarioregionaldigital.com.br\/index.php?rest_route=\/wp\/v2\/posts"}],"about":[{"href":"https:\/\/diarioregionaldigital.com.br\/index.php?rest_route=\/wp\/v2\/types\/post"}],"author":[{"embeddable":true,"href":"https:\/\/diarioregionaldigital.com.br\/index.php?rest_route=\/wp\/v2\/users\/96"}],"replies":[{"embeddable":true,"href":"https:\/\/diarioregionaldigital.com.br\/index.php?rest_route=%2Fwp%2Fv2%2Fcomments&post=93648"}],"version-history":[{"count":0,"href":"https:\/\/diarioregionaldigital.com.br\/index.php?rest_route=\/wp\/v2\/posts\/93648\/revisions"}],"wp:featuredmedia":[{"embeddable":true,"href":"https:\/\/diarioregionaldigital.com.br\/index.php?rest_route=\/wp\/v2\/media\/93647"}],"wp:attachment":[{"href":"https:\/\/diarioregionaldigital.com.br\/index.php?rest_route=%2Fwp%2Fv2%2Fmedia&parent=93648"}],"wp:term":[{"taxonomy":"category","embeddable":true,"href":"https:\/\/diarioregionaldigital.com.br\/index.php?rest_route=%2Fwp%2Fv2%2Fcategories&post=93648"},{"taxonomy":"post_tag","embeddable":true,"href":"https:\/\/diarioregionaldigital.com.br\/index.php?rest_route=%2Fwp%2Fv2%2Ftags&post=93648"}],"curies":[{"name":"wp","href":"https:\/\/api.w.org\/{rel}","templated":true}]}}