{"id":93640,"date":"2018-03-12T11:55:33","date_gmt":"2018-03-12T14:55:33","guid":{"rendered":"http:\/\/diarioregionaljf.com.br\/2018\/03\/12\/tiro-e-disparado-durante-briga-em-saida-de-festa-no-centro\/"},"modified":"2018-03-12T11:55:33","modified_gmt":"2018-03-12T14:55:33","slug":"tiro-e-disparado-durante-briga-em-saida-de-festa-no-centro","status":"publish","type":"post","link":"https:\/\/diarioregionaldigital.com.br\/?p=93640","title":{"rendered":"Tiro \u00e9 disparado durante briga em sa\u00edda de festa no Centro"},"content":{"rendered":"<p>Um homem de 38 anos foi preso por posse ilegal de arma de fogo de uso restrito na sa\u00edda de um baile no Centro de Juiz de Fora, na noite desse domingo, 11.<\/p>\n<p>De acordo com informa\u00e7\u00f5es do Boletim de Ocorr\u00eancia (BO) da Pol\u00edcia Militar (PM), uma viatura foi abordada por populares que estavam saindo da festa. Eles relataram que dois indiv\u00edduos estariam brigando e que tiros haviam sido disparados.<\/p>\n<p>Chegando ao local, os militares se depararam com um tumulto e testemunhas informaram que um indiv\u00edduo havia fugido para o interior de um ve\u00edculo com uma arma de fogo na m\u00e3o. Identificado o carro, o homem foi abordado e detido no local. Ap\u00f3s indica\u00e7\u00e3o do suspeito, os policiais localizaram, no banco traseiro, uma pistola calibre .40, com oito muni\u00e7\u00f5es intactas.<\/p>\n<p>No ch\u00e3o, pr\u00f3ximo ao local, foi encontrada uma muni\u00e7\u00e3o de mesmo calibre deflagrada. O homem detido relatou que estava saindo do baile em companhia de sua esposa quando um outro indiv\u00edduo chegou e, achando que o mesmo estava conversando com ele, amea\u00e7ou dar um tiro em sua cara. Em seguida, o indiv\u00edduo teria retirado uma arma do banco de uma motocicleta, engatilhando-a.<\/p>\n<p>O autor, ent\u00e3o, entrou em luta corporal com o outro homem, na tentativa de desarm\u00e1-lo, momento no qual conseguiu pegar o rev\u00f3lver e fugiu com o mesmo para o interior do ve\u00edculo. O motociclista n\u00e3o foi encontrado. O homem pego com o a arma foi preso e conduzido \u00e0 delegacia.<\/p>\n<p>&nbsp;<\/p>\n","protected":false},"excerpt":{"rendered":"<p>Um homem de 38 anos foi preso por posse ilegal de arma de fogo de uso restrito na sa\u00edda de um baile no Centro de Juiz de Fora, na noite desse domingo, 11. De acordo com informa\u00e7\u00f5es do Boletim de Ocorr\u00eancia (BO) da Pol\u00edcia Militar (PM), uma viatura foi abordada por populares que estavam saindo [&hellip;]<\/p>\n","protected":false},"author":96,"featured_media":93639,"comment_status":"closed","ping_status":"closed","sticky":false,"template":"","format":"standard","meta":{"footnotes":""},"categories":[301],"tags":[],"class_list":["post-93640","post","type-post","status-publish","format-standard","has-post-thumbnail","hentry","category-artigos-policiais"],"_links":{"self":[{"href":"https:\/\/diarioregionaldigital.com.br\/index.php?rest_route=\/wp\/v2\/posts\/93640","targetHints":{"allow":["GET"]}}],"collection":[{"href":"https:\/\/diarioregionaldigital.com.br\/index.php?rest_route=\/wp\/v2\/posts"}],"about":[{"href":"https:\/\/diarioregionaldigital.com.br\/index.php?rest_route=\/wp\/v2\/types\/post"}],"author":[{"embeddable":true,"href":"https:\/\/diarioregionaldigital.com.br\/index.php?rest_route=\/wp\/v2\/users\/96"}],"replies":[{"embeddable":true,"href":"https:\/\/diarioregionaldigital.com.br\/index.php?rest_route=%2Fwp%2Fv2%2Fcomments&post=93640"}],"version-history":[{"count":0,"href":"https:\/\/diarioregionaldigital.com.br\/index.php?rest_route=\/wp\/v2\/posts\/93640\/revisions"}],"wp:featuredmedia":[{"embeddable":true,"href":"https:\/\/diarioregionaldigital.com.br\/index.php?rest_route=\/wp\/v2\/media\/93639"}],"wp:attachment":[{"href":"https:\/\/diarioregionaldigital.com.br\/index.php?rest_route=%2Fwp%2Fv2%2Fmedia&parent=93640"}],"wp:term":[{"taxonomy":"category","embeddable":true,"href":"https:\/\/diarioregionaldigital.com.br\/index.php?rest_route=%2Fwp%2Fv2%2Fcategories&post=93640"},{"taxonomy":"post_tag","embeddable":true,"href":"https:\/\/diarioregionaldigital.com.br\/index.php?rest_route=%2Fwp%2Fv2%2Ftags&post=93640"}],"curies":[{"name":"wp","href":"https:\/\/api.w.org\/{rel}","templated":true}]}}