{"id":93638,"date":"2018-03-12T11:52:38","date_gmt":"2018-03-12T14:52:38","guid":{"rendered":"http:\/\/diarioregionaljf.com.br\/2018\/03\/12\/temer-mercosul-e-uniao-europeia-estao-proximos-de-fechar-acordo-definitivo\/"},"modified":"2018-03-12T11:52:38","modified_gmt":"2018-03-12T14:52:38","slug":"temer-mercosul-e-uniao-europeia-estao-proximos-de-fechar-acordo-definitivo","status":"publish","type":"post","link":"https:\/\/diarioregionaldigital.com.br\/?p=93638","title":{"rendered":"Temer: Mercosul e Uni\u00e3o Europeia est\u00e3o pr\u00f3ximos de fechar acordo definitivo"},"content":{"rendered":"<p>O presidente Michel Temer disse neste domingo, 11, que ap\u00f3s 19 anos de tratativas, o Mercosul e a Uni\u00e3o Europeia est\u00e3o pr\u00f3ximos de fechar um acordo \u201cem definitivo\u201d. Ele participou da cerim\u00f4nia de posse do presidente eleito do Chile, Sebasti\u00e1n Pi\u00f1era, em Valpara\u00edso.<\/p>\n<p>Segundo Temer, ainda faltam alguns pontos para resolver e fechar um tratado de livre com\u00e9rcio com os europeus. O Mercosul busca diminuir as barreiras tarif\u00e1rias para produtos como gr\u00e3os e alimentos, dos quais s\u00e3o grandes exportadores.<\/p>\n<p>\u201cTemos alguns pequenos pontos para ainda resolver, mas os chanceleres da Uni\u00e3o Europeia e do Mercosul v\u00e3o se reunir muito proximamente. Eu acho que, depois de 19 anos, foi isso que eu e o Macri concordamos. N\u00f3s talvez fechemos, em definitivo, o acordo Mercosul e Uni\u00e3o Europeia&#8221;, disse o presidente, ap\u00f3s ter se reunido com o presidente da Argentina, Maur\u00edcio Macri.<\/p>\n<p>Michel Temer disse ainda que conversou com o presidente do Peru, Pedro Pablo Kuczynski, sobre um poss\u00edvel acordo do bloco formado pelo Brasil, Uruguai, Argentina, Paraguai e Venezuela com a Alian\u00e7a do Pac\u00edfico, formada por Chile, Col\u00f4mbia, M\u00e9xico e Peru.<\/p>\n<p>O acordo com o bloco vizinho gira em torno do aumento no com\u00e9rcio entre os pa\u00edses, considerado ainda baixo. Tamb\u00e9m est\u00e1 voltado para a diminui\u00e7\u00e3o de tarifas coopera\u00e7\u00e3o alfandeg\u00e1ria, promo\u00e7\u00e3o de pequenas e m\u00e9dias empresas, redu\u00e7\u00e3o de barreiras n\u00e3o tarif\u00e1rias e facilita\u00e7\u00e3o no com\u00e9rcio de bens e servi\u00e7os.<\/p>\n<p>\u201cConversei at\u00e9 com o presidente do Peru [Pedro Pablo Kuczynski], muito rapidamente, mas com vistas a logo fazermos uma alian\u00e7a do Mercosul com a Alian\u00e7a do Pac\u00edfico&#8221;, disse.<\/p>\n<p><span style=\"font-size: 18pt;\">Parceiro comercial<\/span><\/p>\n<p>Temer participou da cerim\u00f4nia de posse de Sebastian Pi\u00f1era acompanhado do ministro das Rela\u00e7\u00f5es Exteriores, Aloysio Nunes. De acordo com o Minist\u00e9rio das Rela\u00e7\u00f5es Exteriores, o Brasil \u00e9 o principal destino dos investimentos chilenos no mundo, com estoque de US$ 31 bilh\u00f5es, e seu primeiro parceiro comercial na Am\u00e9rica do Sul. O Chile, por sua vez, \u00e9 o segundo parceiro comercial do Brasil na regi\u00e3o, com interc\u00e2mbio comercial da ordem de US$ 8,5 bilh\u00f5es, em 2017.<\/p>\n<p>&#8220;Vim cumprimentar o presidente eleito, Pi\u00f1era, tendo em vista n\u00e3o s\u00f3 o fato de que n\u00f3s temos uma rela\u00e7\u00e3o comercial fort\u00edssima. S\u00e3o mais de 8 bilh\u00f5es de d\u00f3lares, a nossa rela\u00e7\u00e3o comercial, que ali\u00e1s, aumentou muito em 2015, 2016 e 2017&#8221;, disse Temer<\/p>\n<p>Esta \u00e9 a segunda vez que Pi\u00f1era ocupa o cargo. A primeira vez foi no per\u00edodo de 2010 a 2014. O novo mandat\u00e1ria, assume o cargo de Michelle Bachelet para um mandato que vai at\u00e9 2022.<\/p>\n<p>Fonte: Ag\u00eancia Brasil<\/p>\n","protected":false},"excerpt":{"rendered":"<p>O presidente Michel Temer disse neste domingo, 11, que ap\u00f3s 19 anos de tratativas, o Mercosul e a Uni\u00e3o Europeia est\u00e3o pr\u00f3ximos de fechar um acordo \u201cem definitivo\u201d. Ele participou da cerim\u00f4nia de posse do presidente eleito do Chile, Sebasti\u00e1n Pi\u00f1era, em Valpara\u00edso. Segundo Temer, ainda faltam alguns pontos para resolver e fechar um tratado [&hellip;]<\/p>\n","protected":false},"author":96,"featured_media":93637,"comment_status":"closed","ping_status":"closed","sticky":false,"template":"","format":"standard","meta":{"footnotes":""},"categories":[254],"tags":[],"class_list":["post-93638","post","type-post","status-publish","format-standard","has-post-thumbnail","hentry","category-politica"],"_links":{"self":[{"href":"https:\/\/diarioregionaldigital.com.br\/index.php?rest_route=\/wp\/v2\/posts\/93638","targetHints":{"allow":["GET"]}}],"collection":[{"href":"https:\/\/diarioregionaldigital.com.br\/index.php?rest_route=\/wp\/v2\/posts"}],"about":[{"href":"https:\/\/diarioregionaldigital.com.br\/index.php?rest_route=\/wp\/v2\/types\/post"}],"author":[{"embeddable":true,"href":"https:\/\/diarioregionaldigital.com.br\/index.php?rest_route=\/wp\/v2\/users\/96"}],"replies":[{"embeddable":true,"href":"https:\/\/diarioregionaldigital.com.br\/index.php?rest_route=%2Fwp%2Fv2%2Fcomments&post=93638"}],"version-history":[{"count":0,"href":"https:\/\/diarioregionaldigital.com.br\/index.php?rest_route=\/wp\/v2\/posts\/93638\/revisions"}],"wp:featuredmedia":[{"embeddable":true,"href":"https:\/\/diarioregionaldigital.com.br\/index.php?rest_route=\/wp\/v2\/media\/93637"}],"wp:attachment":[{"href":"https:\/\/diarioregionaldigital.com.br\/index.php?rest_route=%2Fwp%2Fv2%2Fmedia&parent=93638"}],"wp:term":[{"taxonomy":"category","embeddable":true,"href":"https:\/\/diarioregionaldigital.com.br\/index.php?rest_route=%2Fwp%2Fv2%2Fcategories&post=93638"},{"taxonomy":"post_tag","embeddable":true,"href":"https:\/\/diarioregionaldigital.com.br\/index.php?rest_route=%2Fwp%2Fv2%2Ftags&post=93638"}],"curies":[{"name":"wp","href":"https:\/\/api.w.org\/{rel}","templated":true}]}}