{"id":93636,"date":"2018-03-11T20:54:55","date_gmt":"2018-03-11T23:54:55","guid":{"rendered":"http:\/\/diarioregionaljf.com.br\/2018\/03\/11\/pjf-elabora-plano-de-acoes-para-atender-ocorrencias-causadas-pela-chuva\/"},"modified":"2018-03-11T20:54:55","modified_gmt":"2018-03-11T23:54:55","slug":"pjf-elabora-plano-de-acoes-para-atender-ocorrencias-causadas-pela-chuva","status":"publish","type":"post","link":"https:\/\/diarioregionaldigital.com.br\/?p=93636","title":{"rendered":"PJF elabora plano de a\u00e7\u00f5es para atender ocorr\u00eancias causadas pela chuva"},"content":{"rendered":"<p>Todas as equipes que integram o Plano de Conting\u00eancia da Prefeitura de Juiz de Fora est\u00e3o trabalhando a todo vapor para atender o grande n\u00famero de chamados recebidos desde o fim da noite desse s\u00e1bado, 10, e a madrugada deste domingo, 11. O prefeito Bruno Siqueira esteve coordenando os trabalhos pessoalmente na sede da Defesa Civil.<\/p>\n<p>Juiz de Fora foi atingida por uma forte chuva, com volume intenso de precipita\u00e7\u00e3o num curto espa\u00e7o de tempo, sendo considerada umas das maiores dos \u00faltimos anos. Por isso, a Defesa Civil registrou 59 ocorr\u00eancias at\u00e9 o momento, sendo 20 na Sudeste, 13 na Norte, 11 na Leste, 8 na Nordeste, 4 na Oeste, 2 no Centro e 1 na Sul.<\/p>\n<p>Os pluvi\u00f4metros do Centro Nacional de Monitoramento e Alertas de Desastres Naturais (Cemaden), instalados em diversos pontos da cidade, mostraram, nas \u00faltimas 24 horas, o \u00edndice de 74.38mm na Represa, 69.39 em Ponte Preta, 64.34mm em Santa Rita de C\u00e1ssia, e 55.62mm em Igrejinha.<\/p>\n<p>Al\u00e9m da Defesa Civil, as equipes da Secretaria de Obras, Departamento de Limpeza Urbana (Demlurb), Secretaria de Transporte e Tr\u00e2nsito (Settra) e da Companhia de Saneamento Municipal (Cesama) tamb\u00e9m est\u00e3o mobilizadas.<\/p>\n<p>No momento, o n\u00edvel do Rio Paraibuna j\u00e1 marca de 3m29, sendo que entre meia noite e tr\u00eas horas da madrugada deste domingo, o curso d\u2019\u00e1gua subiu quase dois metros.<\/p>\n<p>Os atendimentos est\u00e3o relacionados a amea\u00e7as e deslizamentos de taludes, trincas em piso, amea\u00e7as e queda de \u00e1rvore, infiltra\u00e7\u00e3o em piso, enxurradas, alagamentos e rua danificada.<\/p>\n<p>Al\u00e9m dos destaques j\u00e1 passados anteriormente, tamb\u00e9m houve escorregamentos de talude nas Ruas Pedro Trogo, e Francisco Pereira, ambas no Santo Ant\u00f4nio; e na Rua Angelino Beligoli, no Filgueiras.<\/p>\n<p>A Secretaria de Obras (SO) est\u00e1 atendendo a ocorr\u00eancias de quedas de barreiras na Estrada da Lagoa e tamb\u00e9m no trecho asfaltado do entroncamento para Torre\u00f5es. Outra equipe da SO est\u00e1 avaliando a situa\u00e7\u00e3o de outra queda de barreira em Sarandira. Al\u00e9m disso, na Rua Rosalina Praxedes de Albuquerque, no Ces\u00e1rio Alvim a via foi interditada totalmente pela Settra a pedido da Defesa Civil devido a um deslizamento de barranco. A Settra tamb\u00e9m sinalizou um afundamento de cal\u00e7ada, na Rua Diva Garcia, pr\u00f3ximo ao c\u00f3rrego, no Linhares.<\/p>\n<p>O Demlurb atendeu \u00e1reas emergenciais e centrais, em raz\u00e3o de serem vias de grande movimenta\u00e7\u00e3o. Equipes realizaram a limpeza da barreira que caiu no bairro Borboleta e no S\u00e3o Pedro; no Bairro Jardim Esperan\u00e7a, o departamento est\u00e1 atuando com o servi\u00e7o de lava\u00e7\u00e3o e tamb\u00e9m de recolhimento de materiais nas vias, danificadas pelas fortes chuvas e, nas ruas centrais, foi efetuada a varri\u00e7\u00e3o e retirada do barro. Outras demandas ser\u00e3o atendidas atrav\u00e9s de um planejamento de trabalho estrat\u00e9gico e especial para a ocasi\u00e3o.<\/p>\n<p>De acordo com a Cesama, duas elevat\u00f3rias de \u00e1gua foram atingidas pelas chuvas. A elevat\u00f3ria do bairro Democrata foi inundada e a Cesama est\u00e1 realizando a substitui\u00e7\u00e3o do motor da unidade. O abastecimento est\u00e1 interrompido no momento e assim que os servi\u00e7os forem conclu\u00eddos, a elevat\u00f3ria voltar\u00e1 a funcionar. A previs\u00e3o \u00e9 de que fornecimento de \u00e1gua seja regularizado durante a tarde deste domingo. Na elevat\u00f3ria do JK, entrou \u00e1gua no quadro el\u00e9trico de comando da bomba. Empregados da companhia est\u00e3o realizando os reparos e a unidade est\u00e1 parada. A previs\u00e3o \u00e9 de que o abastecimento seja retomado tamb\u00e9m durante esta tarde. As equipes da Cesama est\u00e3o empenhadas, ainda, em reparos de redes de esgoto rompidas e entupidas. Os casos onde h\u00e1 risco est\u00e3o sendo priorizados. Os atendimentos est\u00e3o sendo feitos por meio do teleatendimento da companhia, por meio do telefone 115.A Defesa Civil atende 24 horas pelo telefone 199.&nbsp;<\/p>\n<p>Fonte: Assessoria<\/p>\n","protected":false},"excerpt":{"rendered":"<p>Todas as equipes que integram o Plano de Conting\u00eancia da Prefeitura de Juiz de Fora est\u00e3o trabalhando a todo vapor para atender o grande n\u00famero de chamados recebidos desde o fim da noite desse s\u00e1bado, 10, e a madrugada deste domingo, 11. O prefeito Bruno Siqueira esteve coordenando os trabalhos pessoalmente na sede da Defesa [&hellip;]<\/p>\n","protected":false},"author":96,"featured_media":93635,"comment_status":"closed","ping_status":"closed","sticky":false,"template":"","format":"standard","meta":{"footnotes":""},"categories":[253],"tags":[],"class_list":["post-93636","post","type-post","status-publish","format-standard","has-post-thumbnail","hentry","category-cidade"],"_links":{"self":[{"href":"https:\/\/diarioregionaldigital.com.br\/index.php?rest_route=\/wp\/v2\/posts\/93636","targetHints":{"allow":["GET"]}}],"collection":[{"href":"https:\/\/diarioregionaldigital.com.br\/index.php?rest_route=\/wp\/v2\/posts"}],"about":[{"href":"https:\/\/diarioregionaldigital.com.br\/index.php?rest_route=\/wp\/v2\/types\/post"}],"author":[{"embeddable":true,"href":"https:\/\/diarioregionaldigital.com.br\/index.php?rest_route=\/wp\/v2\/users\/96"}],"replies":[{"embeddable":true,"href":"https:\/\/diarioregionaldigital.com.br\/index.php?rest_route=%2Fwp%2Fv2%2Fcomments&post=93636"}],"version-history":[{"count":0,"href":"https:\/\/diarioregionaldigital.com.br\/index.php?rest_route=\/wp\/v2\/posts\/93636\/revisions"}],"wp:featuredmedia":[{"embeddable":true,"href":"https:\/\/diarioregionaldigital.com.br\/index.php?rest_route=\/wp\/v2\/media\/93635"}],"wp:attachment":[{"href":"https:\/\/diarioregionaldigital.com.br\/index.php?rest_route=%2Fwp%2Fv2%2Fmedia&parent=93636"}],"wp:term":[{"taxonomy":"category","embeddable":true,"href":"https:\/\/diarioregionaldigital.com.br\/index.php?rest_route=%2Fwp%2Fv2%2Fcategories&post=93636"},{"taxonomy":"post_tag","embeddable":true,"href":"https:\/\/diarioregionaldigital.com.br\/index.php?rest_route=%2Fwp%2Fv2%2Ftags&post=93636"}],"curies":[{"name":"wp","href":"https:\/\/api.w.org\/{rel}","templated":true}]}}