{"id":93634,"date":"2018-03-10T15:50:15","date_gmt":"2018-03-10T18:50:15","guid":{"rendered":"http:\/\/diarioregionaljf.com.br\/2018\/03\/10\/dupla-rouba-r-25-mil-em-assalto-na-regiao-central-de-muriae\/"},"modified":"2018-03-10T15:50:15","modified_gmt":"2018-03-10T18:50:15","slug":"dupla-rouba-r-25-mil-em-assalto-na-regiao-central-de-muriae","status":"publish","type":"post","link":"https:\/\/diarioregionaldigital.com.br\/?p=93634","title":{"rendered":"Dupla rouba R$25 mil em assalto na regi\u00e3o central de Muria\u00e9"},"content":{"rendered":"<p>Um vendedor teve cerca de R$25 mil roubados na regi\u00e3o Central de Muria\u00e9. O crime aconteceu nessa sexta-feira, 9, e segundo o registro da Pol\u00edcia Militar (PM) a v\u00edtima relatou que os ladr\u00f5es levaram aproximadamente R$20 mil em dinheiro e R$5 mil em cheques. Um adolescente suspeito foi levado \u00e0 delegacia.<\/p>\n<p>Conforme a PM, o vendedor contou que estava no estabelecimento de um cliente quando um dos homens chegou e, de pistola em punho, anunciou o assalto, roubando sua bolsa e fugindo em uma motocicleta preta, na garupa do comparsa que o aguardava na rua.<\/p>\n<p>A placa da moto utilizada pelos assaltantes foi passada \u00e0 pol\u00edcia, e militares relatam ter localizado um adolescente de 15 anos, que seria o atual dono da motocicleta. De acordo com o Boletim de Ocorr\u00eancia da PM, o jovem negou participa\u00e7\u00e3o no assalto e alegou ter vendido o ve\u00edculo por R$4 mil, no dia anterior, a um morador do bairro S\u00e3o Francisco, afirmando, no entanto, n\u00e3o conhecer o comprador.<\/p>\n<p>Segundo os policiais, a vers\u00e3o apresentada pelo menor continha algumas contradi\u00e7\u00f5es, e o mesmo foi conduzido, acompanhado pela m\u00e3e, para prestar esclarecimentos \u00e0 Pol\u00edcia Civil (PC).<\/p>\n<p>Militares foram tamb\u00e9m \u00e0 resid\u00eancia de outro adolescente de 15 anos, onde, conforme o B.O. da PM, a suposta motocicleta usada no crime j\u00e1 havia sido vista em outras ocasi\u00f5es, e o menor tamb\u00e9m negou envolvimento no caso.<\/p>\n<p>Fonte: R\u00e1dio Muria\u00e9<\/p>\n","protected":false},"excerpt":{"rendered":"<p>Um vendedor teve cerca de R$25 mil roubados na regi\u00e3o Central de Muria\u00e9. O crime aconteceu nessa sexta-feira, 9, e segundo o registro da Pol\u00edcia Militar (PM) a v\u00edtima relatou que os ladr\u00f5es levaram aproximadamente R$20 mil em dinheiro e R$5 mil em cheques. Um adolescente suspeito foi levado \u00e0 delegacia. Conforme a PM, o [&hellip;]<\/p>\n","protected":false},"author":96,"featured_media":93633,"comment_status":"closed","ping_status":"closed","sticky":false,"template":"","format":"standard","meta":{"footnotes":""},"categories":[252],"tags":[],"class_list":["post-93634","post","type-post","status-publish","format-standard","has-post-thumbnail","hentry","category-regiao"],"_links":{"self":[{"href":"https:\/\/diarioregionaldigital.com.br\/index.php?rest_route=\/wp\/v2\/posts\/93634","targetHints":{"allow":["GET"]}}],"collection":[{"href":"https:\/\/diarioregionaldigital.com.br\/index.php?rest_route=\/wp\/v2\/posts"}],"about":[{"href":"https:\/\/diarioregionaldigital.com.br\/index.php?rest_route=\/wp\/v2\/types\/post"}],"author":[{"embeddable":true,"href":"https:\/\/diarioregionaldigital.com.br\/index.php?rest_route=\/wp\/v2\/users\/96"}],"replies":[{"embeddable":true,"href":"https:\/\/diarioregionaldigital.com.br\/index.php?rest_route=%2Fwp%2Fv2%2Fcomments&post=93634"}],"version-history":[{"count":0,"href":"https:\/\/diarioregionaldigital.com.br\/index.php?rest_route=\/wp\/v2\/posts\/93634\/revisions"}],"wp:featuredmedia":[{"embeddable":true,"href":"https:\/\/diarioregionaldigital.com.br\/index.php?rest_route=\/wp\/v2\/media\/93633"}],"wp:attachment":[{"href":"https:\/\/diarioregionaldigital.com.br\/index.php?rest_route=%2Fwp%2Fv2%2Fmedia&parent=93634"}],"wp:term":[{"taxonomy":"category","embeddable":true,"href":"https:\/\/diarioregionaldigital.com.br\/index.php?rest_route=%2Fwp%2Fv2%2Fcategories&post=93634"},{"taxonomy":"post_tag","embeddable":true,"href":"https:\/\/diarioregionaldigital.com.br\/index.php?rest_route=%2Fwp%2Fv2%2Ftags&post=93634"}],"curies":[{"name":"wp","href":"https:\/\/api.w.org\/{rel}","templated":true}]}}