{"id":93626,"date":"2018-03-10T14:03:27","date_gmt":"2018-03-10T17:03:27","guid":{"rendered":"http:\/\/diarioregionaljf.com.br\/2018\/03\/10\/homem-rouba-r-50-de-posto-de-combustiveis-no-grama\/"},"modified":"2018-03-10T14:03:27","modified_gmt":"2018-03-10T17:03:27","slug":"homem-rouba-r-50-de-posto-de-combustiveis-no-grama","status":"publish","type":"post","link":"https:\/\/diarioregionaldigital.com.br\/?p=93626","title":{"rendered":"Homem rouba R$50 de posto de combust\u00edveis no Grama"},"content":{"rendered":"<p>Um posto de combust\u00edveis, localizado na Avenida Juiz de Fora no bairro Grama, zona Nordeste, foi assaltado no in\u00edcio da manh\u00e3 dessa sexta-feira, 9. De acordo com o registro da ocorr\u00eancia, o frentista relatou aos policiais militares que viu um indiv\u00edduo se aproximou da loja de conveni\u00eancia e amarrou a camisa na cabe\u00e7a para esconder o rosto.<\/p>\n<p>O autor colocou a m\u00e3o dentro da bermuda e ordenou que o funcion\u00e1rio entregasse dinheiro. O frentista entregou R$50 e o infrator fugiu a p\u00e9 em dire\u00e7\u00e3o ao bairro.<\/p>\n","protected":false},"excerpt":{"rendered":"<p>Um posto de combust\u00edveis, localizado na Avenida Juiz de Fora no bairro Grama, zona Nordeste, foi assaltado no in\u00edcio da manh\u00e3 dessa sexta-feira, 9. De acordo com o registro da ocorr\u00eancia, o frentista relatou aos policiais militares que viu um indiv\u00edduo se aproximou da loja de conveni\u00eancia e amarrou a camisa na cabe\u00e7a para esconder [&hellip;]<\/p>\n","protected":false},"author":96,"featured_media":93625,"comment_status":"closed","ping_status":"closed","sticky":false,"template":"","format":"standard","meta":{"footnotes":""},"categories":[301],"tags":[],"class_list":["post-93626","post","type-post","status-publish","format-standard","has-post-thumbnail","hentry","category-artigos-policiais"],"_links":{"self":[{"href":"https:\/\/diarioregionaldigital.com.br\/index.php?rest_route=\/wp\/v2\/posts\/93626","targetHints":{"allow":["GET"]}}],"collection":[{"href":"https:\/\/diarioregionaldigital.com.br\/index.php?rest_route=\/wp\/v2\/posts"}],"about":[{"href":"https:\/\/diarioregionaldigital.com.br\/index.php?rest_route=\/wp\/v2\/types\/post"}],"author":[{"embeddable":true,"href":"https:\/\/diarioregionaldigital.com.br\/index.php?rest_route=\/wp\/v2\/users\/96"}],"replies":[{"embeddable":true,"href":"https:\/\/diarioregionaldigital.com.br\/index.php?rest_route=%2Fwp%2Fv2%2Fcomments&post=93626"}],"version-history":[{"count":0,"href":"https:\/\/diarioregionaldigital.com.br\/index.php?rest_route=\/wp\/v2\/posts\/93626\/revisions"}],"wp:featuredmedia":[{"embeddable":true,"href":"https:\/\/diarioregionaldigital.com.br\/index.php?rest_route=\/wp\/v2\/media\/93625"}],"wp:attachment":[{"href":"https:\/\/diarioregionaldigital.com.br\/index.php?rest_route=%2Fwp%2Fv2%2Fmedia&parent=93626"}],"wp:term":[{"taxonomy":"category","embeddable":true,"href":"https:\/\/diarioregionaldigital.com.br\/index.php?rest_route=%2Fwp%2Fv2%2Fcategories&post=93626"},{"taxonomy":"post_tag","embeddable":true,"href":"https:\/\/diarioregionaldigital.com.br\/index.php?rest_route=%2Fwp%2Fv2%2Ftags&post=93626"}],"curies":[{"name":"wp","href":"https:\/\/api.w.org\/{rel}","templated":true}]}}