{"id":93624,"date":"2018-03-10T13:40:35","date_gmt":"2018-03-10T16:40:35","guid":{"rendered":"http:\/\/diarioregionaljf.com.br\/2018\/03\/10\/jovem-e-preso-por-posse-ilegal-de-arma-de-fogo\/"},"modified":"2018-03-10T13:40:35","modified_gmt":"2018-03-10T16:40:35","slug":"jovem-e-preso-por-posse-ilegal-de-arma-de-fogo","status":"publish","type":"post","link":"https:\/\/diarioregionaldigital.com.br\/?p=93624","title":{"rendered":"Jovem \u00e9 preso por posse ilegal de arma de fogo"},"content":{"rendered":"<p>Um jovem de 21 anos foi preso por posse ilegal de arma de fogo na tarde dessa sexta-feira, 9, na Rua Jos\u00e9 Francisco Garcia, situada no bairro Tiguera, zona Sudeste. Segundo o registro da ocorr\u00eancia, o autor arremessou um rev\u00f3lver calibre 32 no quintal de uma resid\u00eancia e tentou fugir ap\u00f3s avistar as viaturas da Pol\u00edcia Militar (PM).<\/p>\n<p>Os policiais realizaram buscas no quintal e encontraram a arma e o autor contou que estava no local esperando um indiv\u00edduo para execut\u00e1-lo. Ap\u00f3s o fato, os militares foram at\u00e9 a resid\u00eancia do jovem, onde drogas foram encontradas. Ele assumiu que vendia os entorpecentes.<\/p>\n<p>O autor foi preso e encaminhado \u00e0 delegacia.<\/p>\n","protected":false},"excerpt":{"rendered":"<p>Um jovem de 21 anos foi preso por posse ilegal de arma de fogo na tarde dessa sexta-feira, 9, na Rua Jos\u00e9 Francisco Garcia, situada no bairro Tiguera, zona Sudeste. Segundo o registro da ocorr\u00eancia, o autor arremessou um rev\u00f3lver calibre 32 no quintal de uma resid\u00eancia e tentou fugir ap\u00f3s avistar as viaturas da [&hellip;]<\/p>\n","protected":false},"author":96,"featured_media":93623,"comment_status":"closed","ping_status":"closed","sticky":false,"template":"","format":"standard","meta":{"footnotes":""},"categories":[301],"tags":[],"class_list":["post-93624","post","type-post","status-publish","format-standard","has-post-thumbnail","hentry","category-artigos-policiais"],"_links":{"self":[{"href":"https:\/\/diarioregionaldigital.com.br\/index.php?rest_route=\/wp\/v2\/posts\/93624","targetHints":{"allow":["GET"]}}],"collection":[{"href":"https:\/\/diarioregionaldigital.com.br\/index.php?rest_route=\/wp\/v2\/posts"}],"about":[{"href":"https:\/\/diarioregionaldigital.com.br\/index.php?rest_route=\/wp\/v2\/types\/post"}],"author":[{"embeddable":true,"href":"https:\/\/diarioregionaldigital.com.br\/index.php?rest_route=\/wp\/v2\/users\/96"}],"replies":[{"embeddable":true,"href":"https:\/\/diarioregionaldigital.com.br\/index.php?rest_route=%2Fwp%2Fv2%2Fcomments&post=93624"}],"version-history":[{"count":0,"href":"https:\/\/diarioregionaldigital.com.br\/index.php?rest_route=\/wp\/v2\/posts\/93624\/revisions"}],"wp:featuredmedia":[{"embeddable":true,"href":"https:\/\/diarioregionaldigital.com.br\/index.php?rest_route=\/wp\/v2\/media\/93623"}],"wp:attachment":[{"href":"https:\/\/diarioregionaldigital.com.br\/index.php?rest_route=%2Fwp%2Fv2%2Fmedia&parent=93624"}],"wp:term":[{"taxonomy":"category","embeddable":true,"href":"https:\/\/diarioregionaldigital.com.br\/index.php?rest_route=%2Fwp%2Fv2%2Fcategories&post=93624"},{"taxonomy":"post_tag","embeddable":true,"href":"https:\/\/diarioregionaldigital.com.br\/index.php?rest_route=%2Fwp%2Fv2%2Ftags&post=93624"}],"curies":[{"name":"wp","href":"https:\/\/api.w.org\/{rel}","templated":true}]}}