{"id":93622,"date":"2018-03-10T13:14:17","date_gmt":"2018-03-10T16:14:17","guid":{"rendered":"http:\/\/diarioregionaljf.com.br\/2018\/03\/10\/taxista-e-assaltado-por-dois-adolescentes-no-monte-castelo\/"},"modified":"2018-03-10T13:14:17","modified_gmt":"2018-03-10T16:14:17","slug":"taxista-e-assaltado-por-dois-adolescentes-no-monte-castelo","status":"publish","type":"post","link":"https:\/\/diarioregionaldigital.com.br\/?p=93622","title":{"rendered":"Taxista \u00e9 assaltado por dois adolescentes no Monte Castelo"},"content":{"rendered":"<p>Dois adolescentes, 13 e 17 anos, foram apreendidos na noite dessa sexta-feira, 9, na Rua Maria Geralda Freitas, situada no bairro Monte Castelo, zona Norte, ap\u00f3s roubarem um taxista. Conforme o registro da ocorr\u00eancia, os adolescentes entraram no ve\u00edculo da v\u00edtima no Centro e solicitaram uma corrida para o bairro.<\/p>\n<p>Ap\u00f3s chegar ao local solicitado, os autores amea\u00e7aram o taxista com uma pistola falsa e roubaram R$52 e o celular do motorista. Os policiais militares realizaram buscas na regi\u00e3o e localizaram os adolescentes. Eles assumiram a pr\u00e1tica do ato infracional e foram encaminhados \u00e0 delegacia.<\/p>\n","protected":false},"excerpt":{"rendered":"<p>Dois adolescentes, 13 e 17 anos, foram apreendidos na noite dessa sexta-feira, 9, na Rua Maria Geralda Freitas, situada no bairro Monte Castelo, zona Norte, ap\u00f3s roubarem um taxista. Conforme o registro da ocorr\u00eancia, os adolescentes entraram no ve\u00edculo da v\u00edtima no Centro e solicitaram uma corrida para o bairro. Ap\u00f3s chegar ao local solicitado, [&hellip;]<\/p>\n","protected":false},"author":96,"featured_media":93621,"comment_status":"closed","ping_status":"closed","sticky":false,"template":"","format":"standard","meta":{"footnotes":""},"categories":[301],"tags":[],"class_list":["post-93622","post","type-post","status-publish","format-standard","has-post-thumbnail","hentry","category-artigos-policiais"],"_links":{"self":[{"href":"https:\/\/diarioregionaldigital.com.br\/index.php?rest_route=\/wp\/v2\/posts\/93622","targetHints":{"allow":["GET"]}}],"collection":[{"href":"https:\/\/diarioregionaldigital.com.br\/index.php?rest_route=\/wp\/v2\/posts"}],"about":[{"href":"https:\/\/diarioregionaldigital.com.br\/index.php?rest_route=\/wp\/v2\/types\/post"}],"author":[{"embeddable":true,"href":"https:\/\/diarioregionaldigital.com.br\/index.php?rest_route=\/wp\/v2\/users\/96"}],"replies":[{"embeddable":true,"href":"https:\/\/diarioregionaldigital.com.br\/index.php?rest_route=%2Fwp%2Fv2%2Fcomments&post=93622"}],"version-history":[{"count":0,"href":"https:\/\/diarioregionaldigital.com.br\/index.php?rest_route=\/wp\/v2\/posts\/93622\/revisions"}],"wp:featuredmedia":[{"embeddable":true,"href":"https:\/\/diarioregionaldigital.com.br\/index.php?rest_route=\/wp\/v2\/media\/93621"}],"wp:attachment":[{"href":"https:\/\/diarioregionaldigital.com.br\/index.php?rest_route=%2Fwp%2Fv2%2Fmedia&parent=93622"}],"wp:term":[{"taxonomy":"category","embeddable":true,"href":"https:\/\/diarioregionaldigital.com.br\/index.php?rest_route=%2Fwp%2Fv2%2Fcategories&post=93622"},{"taxonomy":"post_tag","embeddable":true,"href":"https:\/\/diarioregionaldigital.com.br\/index.php?rest_route=%2Fwp%2Fv2%2Ftags&post=93622"}],"curies":[{"name":"wp","href":"https:\/\/api.w.org\/{rel}","templated":true}]}}