{"id":93620,"date":"2018-03-10T04:01:01","date_gmt":"2018-03-10T07:01:01","guid":{"rendered":"http:\/\/diarioregionaljf.com.br\/2018\/03\/10\/superliga-feminina-mantem-ranking-e-tifanny-tera-pontuacao-maxima\/"},"modified":"2018-03-10T04:01:01","modified_gmt":"2018-03-10T07:01:01","slug":"superliga-feminina-mantem-ranking-e-tifanny-tera-pontuacao-maxima","status":"publish","type":"post","link":"https:\/\/diarioregionaldigital.com.br\/?p=93620","title":{"rendered":"Superliga Feminina mant\u00e9m ranking e Tifanny ter\u00e1 pontua\u00e7\u00e3o m\u00e1xima"},"content":{"rendered":"<p>A Superliga Feminina de&nbsp;v\u00f4lei&nbsp;anunciou nesta ter\u00e7a-feira a manuten\u00e7\u00e3o do ranking das jogadoras para a pr\u00f3xima temporada. Como em 2017\/2018, em 2018\/2019 cada uma das equipes na competi\u00e7\u00e3o poder\u00e1 contar com no m\u00e1ximo duas atletas de sete pontos. A principal novidade \u00e9 que Tifanny foi inclu\u00edda neste seleto grupo.<\/p>\n<p>A defini\u00e7\u00e3o aconteceu em reuni\u00e3o realizada nesta ter\u00e7a na sede da Confedera\u00e7\u00e3o Brasileira de V\u00f4lei (CBV), em S\u00e3o Paulo. Estiveram reunidos representantes dos 10 clubes da Superliga, al\u00e9m do presidente da Comiss\u00e3o de Atletas, Andr\u00e9 Heller, da bicampe\u00e3 ol\u00edmpica, Sheilla, como convidada, e de dirigentes da CBV.<\/p>\n<p>Nesta reuni\u00e3o, foi definida a entrada de Tifanny no grupo das atletas de sete pontos. Ela se junta \u00e0 levantadora Dani Lins, \u00e0s centrais Fabiana e Thaisa, \u00e0s ponteiras Fernanda Garay, Gabriela Guimar\u00e3es e Nat\u00e1lia e \u00e0 oposto\/ponteira Tandara, enquanto a ponteira Jaqueline e a oposto Sheilla deixaram a lista.<\/p>\n<p>A oposto Tifanny \u00e9 a grande destaque de Bauru na temporada 2017\/2018 da Superliga e se colocou entre as principais atletas da competi\u00e7\u00e3o, na qual tem a melhor m\u00e9dia de pontos.<\/p>\n<p>Al\u00e9m da manuten\u00e7\u00e3o do ranking, a Superliga seguir\u00e1 tendo o limite de duas atletas estrangeiras por time na pr\u00f3xima temporada. No dia 20 de mar\u00e7o, ser\u00e1 a vez da competi\u00e7\u00e3o masculina ter as regras estabelecidas em nova reuni\u00e3o na CBV.<\/p>\n<p>Fonte: Ag\u00eancia do Estado<\/p>\n","protected":false},"excerpt":{"rendered":"<p>A Superliga Feminina de&nbsp;v\u00f4lei&nbsp;anunciou nesta ter\u00e7a-feira a manuten\u00e7\u00e3o do ranking das jogadoras para a pr\u00f3xima temporada. Como em 2017\/2018, em 2018\/2019 cada uma das equipes na competi\u00e7\u00e3o poder\u00e1 contar com no m\u00e1ximo duas atletas de sete pontos. A principal novidade \u00e9 que Tifanny foi inclu\u00edda neste seleto grupo. A defini\u00e7\u00e3o aconteceu em reuni\u00e3o realizada nesta [&hellip;]<\/p>\n","protected":false},"author":96,"featured_media":93619,"comment_status":"closed","ping_status":"closed","sticky":false,"template":"","format":"standard","meta":{"footnotes":""},"categories":[257],"tags":[],"class_list":["post-93620","post","type-post","status-publish","format-standard","has-post-thumbnail","hentry","category-esporte"],"_links":{"self":[{"href":"https:\/\/diarioregionaldigital.com.br\/index.php?rest_route=\/wp\/v2\/posts\/93620","targetHints":{"allow":["GET"]}}],"collection":[{"href":"https:\/\/diarioregionaldigital.com.br\/index.php?rest_route=\/wp\/v2\/posts"}],"about":[{"href":"https:\/\/diarioregionaldigital.com.br\/index.php?rest_route=\/wp\/v2\/types\/post"}],"author":[{"embeddable":true,"href":"https:\/\/diarioregionaldigital.com.br\/index.php?rest_route=\/wp\/v2\/users\/96"}],"replies":[{"embeddable":true,"href":"https:\/\/diarioregionaldigital.com.br\/index.php?rest_route=%2Fwp%2Fv2%2Fcomments&post=93620"}],"version-history":[{"count":0,"href":"https:\/\/diarioregionaldigital.com.br\/index.php?rest_route=\/wp\/v2\/posts\/93620\/revisions"}],"wp:featuredmedia":[{"embeddable":true,"href":"https:\/\/diarioregionaldigital.com.br\/index.php?rest_route=\/wp\/v2\/media\/93619"}],"wp:attachment":[{"href":"https:\/\/diarioregionaldigital.com.br\/index.php?rest_route=%2Fwp%2Fv2%2Fmedia&parent=93620"}],"wp:term":[{"taxonomy":"category","embeddable":true,"href":"https:\/\/diarioregionaldigital.com.br\/index.php?rest_route=%2Fwp%2Fv2%2Fcategories&post=93620"},{"taxonomy":"post_tag","embeddable":true,"href":"https:\/\/diarioregionaldigital.com.br\/index.php?rest_route=%2Fwp%2Fv2%2Ftags&post=93620"}],"curies":[{"name":"wp","href":"https:\/\/api.w.org\/{rel}","templated":true}]}}